{"id":3494,"date":"2019-08-29T08:05:29","date_gmt":"2019-08-29T13:05:29","guid":{"rendered":"http:\/\/www.zonaroja.com.mx\/?p=3494"},"modified":"2019-08-29T08:05:32","modified_gmt":"2019-08-29T13:05:32","slug":"acusan-negligencia-de-fiscalia-en-busqueda-de-joven-desaparecida-hace-un-ano","status":"publish","type":"post","link":"https:\/\/zonaroja.com.mx\/?p=3494","title":{"rendered":"Acusan negligencia de Fiscal\u00eda en b\u00fasqueda de joven desaparecida hace un a\u00f1o"},"content":{"rendered":"\n<p>Redacci\u00f3n\/Zona\nRoja.<\/p>\n\n\n\n<p>Oaxaca de Ju\u00e1rez, Oax., 29 de agosto de 2019.- A un a\u00f1o de la desaparici\u00f3n de Joselyn (Yoselyn) Alejandra Vargas Ortiz, cientos de j\u00f3venes y adultos marcharon ayer por las tardes en las calles de la ciudad de Huajuapan de Le\u00f3n, para exigir agilizar su b\u00fasqueda.<\/p>\n\n\n\n<p>La joven fue\nvista por \u00faltima vez el 28 de agosto de 2018 en calles de ese municipio de la\nregi\u00f3n Mixteca del estado.<\/p>\n\n\n\n<p>\u201cTus\nfamiliares y amigos hemos luchado por encontrarte pese a la falta de acciones\ncontundentes por parte de autoridades, ciudadanos y medios de comunicaci\u00f3n. <\/p>\n\n\n\n<p>\u201cPoco a\npoco, tu desaparici\u00f3n se vuelve invisible ante el gran n\u00famero de casos de\nviolencia contra las mujeres, que convierten a esta entidad en una de las m\u00e1s\npeligrosas de M\u00e9xico\u201d, difundieron ayer. <\/p>\n\n\n\n<p>Los manifestantes, vestidos con playeras blancas y pancartas en mano, acusaron el escaso inter\u00e9s de la Fiscal\u00eda General del Estado, a trav\u00e9s de su Vicefiscal\u00eda Regional de la Mixteca, para intensificar los trabajos de localizaci\u00f3n.<\/p>\n\n\n\n<figure class=\"wp-block-embed-twitter wp-block-embed is-type-rich is-provider-twitter\"><div class=\"wp-block-embed__wrapper\">\n<div class=\"twitter-tweet\"><blockquote class=\"twitter-tweet\" data-lang=\"es\"><p lang=\"es\" dir=\"ltr\"><a href=\"https:\/\/twitter.com\/hashtag\/OaxacaRojo?src=hash&amp;ref_src=twsrc%5Etfw\">#OaxacaRojo<\/a><br>A un a\u00f1o de la desaparici\u00f3n de Joselyn, familiares y pobladores marcharon ayer por la tarde en calles de Huajuapan de Le\u00f3n, en que acusaron incapacidad y nulos esfuerzos de la <a href=\"https:\/\/twitter.com\/FISCALIA_GobOax?ref_src=twsrc%5Etfw\">@FISCALIA_GobOax<\/a> para localizar a la joven. <a href=\"https:\/\/t.co\/uhVdMfwiOS\">pic.twitter.com\/uhVdMfwiOS<\/a><\/p>&mdash; Zona Roja Oaxaca (@MexRoja) <a href=\"https:\/\/twitter.com\/MexRoja\/status\/1167057707536281602?ref_src=twsrc%5Etfw\">29 de agosto de 2019<\/a><\/blockquote><\/div>\n<\/div><\/figure>\n\n\n\n<p>\u201cTu ausencia\nparti\u00f3 en dos nuestras vidas, porque nos dio angustia, desesperaci\u00f3n, tristeza,\nsoledad e impotencia por no saber de tu paradero. Esto provoc\u00f3 desintegraci\u00f3n\nfamiliar, nos resec\u00f3 y quebrant\u00f3 el coraz\u00f3n, que qued\u00f3 lleno de mucho dolor y\ncoraje. <\/p>\n\n\n\n<p>\u201cNos\nsentimos confundidos. No entendemos por qu\u00e9 si el Estado es el garante de\nnuestros derechos, nos ignora. Nos preguntamos por qu\u00e9 cada d\u00eda desaparecen m\u00e1s\npersonas. \u00bfCu\u00e1ndo termina esto?\u201d, remarcaron.<\/p>\n\n\n\n<p>Indicaron\nque intensificar\u00e1n las acciones para la b\u00fasqueda de la joven y que no\ndescansar\u00e1n hasta dar con su paradero.<\/p>\n\n\n\n<p>\u201cA ti que\nnos lees, te pedimos que nos ayudes a compartir estas l\u00edneas por todos los\nmedios que tengas a tu alcance&#8230; porque \u2018Vivas nos queremos\u2019, porque el d\u00eda de\nhoy se trata de ella, pero ma\u00f1ana podr\u00edas ser t\u00fa o cualquiera de nosotras.<\/p>\n\n\n\n<p>\u201cYoselyn,\neres importante en nuestras vidas y no nos vamos a callar. No vamos a parar\n#HastaEncontrarte\u201d, remarcaron.<\/p>\n","protected":false},"excerpt":{"rendered":"<p>Redacci\u00f3n\/Zona Roja. Oaxaca de Ju\u00e1rez, Oax., 29 de agosto de 2019.- A un a\u00f1o de&hellip;<\/p>\n","protected":false},"author":2,"featured_media":3495,"comment_status":"closed","ping_status":"open","sticky":false,"template":"","format":"standard","meta":{"_lmt_disableupdate":"","_lmt_disable":"","_jetpack_memberships_contains_paid_content":false,"footnotes":""},"categories":[109,51],"tags":[638],"class_list":["post-3494","post","type-post","status-publish","format-standard","has-post-thumbnail","hentry","category-minuto-a-minuto","category-zona-roja","tag-yoselyn-alejandra-vargas-ortiz"],"jetpack_featured_media_url":"https:\/\/zonaroja.com.mx\/wp-content\/uploads\/2019\/08\/IMG_2815.jpg","jetpack_sharing_enabled":true,"_links":{"self":[{"href":"https:\/\/zonaroja.com.mx\/index.php?rest_route=\/wp\/v2\/posts\/3494","targetHints":{"allow":["GET"]}}],"collection":[{"href":"https:\/\/zonaroja.com.mx\/index.php?rest_route=\/wp\/v2\/posts"}],"about":[{"href":"https:\/\/zonaroja.com.mx\/index.php?rest_route=\/wp\/v2\/types\/post"}],"author":[{"embeddable":true,"href":"https:\/\/zonaroja.com.mx\/index.php?rest_route=\/wp\/v2\/users\/2"}],"replies":[{"embeddable":true,"href":"https:\/\/zonaroja.com.mx\/index.php?rest_route=%2Fwp%2Fv2%2Fcomments&post=3494"}],"version-history":[{"count":1,"href":"https:\/\/zonaroja.com.mx\/index.php?rest_route=\/wp\/v2\/posts\/3494\/revisions"}],"predecessor-version":[{"id":3496,"href":"https:\/\/zonaroja.com.mx\/index.php?rest_route=\/wp\/v2\/posts\/3494\/revisions\/3496"}],"wp:featuredmedia":[{"embeddable":true,"href":"https:\/\/zonaroja.com.mx\/index.php?rest_route=\/wp\/v2\/media\/3495"}],"wp:attachment":[{"href":"https:\/\/zonaroja.com.mx\/index.php?rest_route=%2Fwp%2Fv2%2Fmedia&parent=3494"}],"wp:term":[{"taxonomy":"category","embeddable":true,"href":"https:\/\/zonaroja.com.mx\/index.php?rest_route=%2Fwp%2Fv2%2Fcategories&post=3494"},{"taxonomy":"post_tag","embeddable":true,"href":"https:\/\/zonaroja.com.mx\/index.php?rest_route=%2Fwp%2Fv2%2Ftags&post=3494"}],"curies":[{"name":"wp","href":"https:\/\/api.w.org\/{rel}","templated":true}]}}