{"id":34942,"date":"2021-12-02T19:12:45","date_gmt":"2021-12-03T01:12:45","guid":{"rendered":"http:\/\/www.zonaroja.com.mx\/?p=34942"},"modified":"2021-12-02T19:12:49","modified_gmt":"2021-12-03T01:12:49","slug":"se-unieron-cientos-de-oaxaquenos-a-festejo-con-lopez-obrador","status":"publish","type":"post","link":"https:\/\/zonaroja.com.mx\/?p=34942","title":{"rendered":"Se unieron cientos de oaxaque\u00f1os a festejo con L\u00f3pez Obrador"},"content":{"rendered":"\n<p>Redacci\u00f3n\/Zona Roja.<\/p>\n\n\n\n<p>Oaxaca de Ju\u00e1rez, Oax., 2 de diciembre de 2021.- Miles de oaxaque\u00f1os coincidieron en el z\u00f3calo de la Ciudad de M\u00e9xico, para respaldar al Presidente de la Rep\u00fablica, Andr\u00e9s Manuel L\u00f3pez Obrador durante su Tercer Informe de Gobierno.<\/p>\n\n\n\n<p>La tarde de ayer mi\u00e9rcoles 1 de diciembre, el grito de \u00abSalom\u00f3n Gobernador\u00bb fue coreado unificando a las y los oaxaque\u00f1os que quieren que la Cuarta Transformaci\u00f3n sea una realidad en el pa\u00eds y sobre todo en Oaxaca.<\/p>\n\n\n\n<p>Mantas, cartulinas matracas y un paso uniforme de vecinos de Santa Cruz Xoxocotl\u00e1n, Santa Luc\u00eda del Camino, Cuil\u00e1pam de Guerrero, Zaachila, adem\u00e1s de comunidades de la Mixteca y el Istmo de Tehuantepec, respaldaron al ingeniero Salom\u00f3n Jara desde Bellas Artes, hasta el ingreso a la explanada del centro del pa\u00eds.<\/p>\n\n\n\n<p>El folclor oaxaque\u00f1o destac\u00f3 con los tradicionales Danzantes de la Pluma; por la calle Francisco I. Madero, Jara Cruz ingres\u00f3 al z\u00f3calo acompa\u00f1ado del edil de Cuil\u00e1pam de Guerrero, Diego De La Cruz; el edil electo de Zaachila, Rigoberto Chac\u00f3n, la diputada Laura Estrada Mauro y dem\u00e1s simpatizantes de la 4T.<\/p>\n\n\n\n<p>Los asistentes al tercer informe de gobierno, se\u00f1alaron que el ingeniero Salom\u00f3n Jara, es quien m\u00e1s cumple con el perfil y congruencia que pide AMLO, \u201ces lo que necesita Oaxaca\u201d<\/p>\n\n\n\n<p>Cabe mencionar que gran parte del discurso presidencial, fue las acciones emprendidas en Oaxaca y los planes por desarrollar como el Corredor Interoce\u00e1nico y la autopista de Oaxaca a la Costa.<\/p>\n","protected":false},"excerpt":{"rendered":"<p>Redacci\u00f3n\/Zona Roja. Oaxaca de Ju\u00e1rez, Oax., 2 de diciembre de 2021.- Miles de oaxaque\u00f1os coincidieron&hellip;<\/p>\n","protected":false},"author":2,"featured_media":34943,"comment_status":"closed","ping_status":"open","sticky":false,"template":"","format":"standard","meta":{"_lmt_disableupdate":"","_lmt_disable":"","_jetpack_memberships_contains_paid_content":false,"footnotes":""},"categories":[109,46],"tags":[939],"class_list":["post-34942","post","type-post","status-publish","format-standard","has-post-thumbnail","hentry","category-minuto-a-minuto","category-zona-blanca","tag-salomon-jara-cruz"],"jetpack_featured_media_url":"https:\/\/zonaroja.com.mx\/wp-content\/uploads\/2021\/12\/Salomon-Jara-Cdmx-informe-AMLO.jpeg","jetpack_sharing_enabled":true,"_links":{"self":[{"href":"https:\/\/zonaroja.com.mx\/index.php?rest_route=\/wp\/v2\/posts\/34942","targetHints":{"allow":["GET"]}}],"collection":[{"href":"https:\/\/zonaroja.com.mx\/index.php?rest_route=\/wp\/v2\/posts"}],"about":[{"href":"https:\/\/zonaroja.com.mx\/index.php?rest_route=\/wp\/v2\/types\/post"}],"author":[{"embeddable":true,"href":"https:\/\/zonaroja.com.mx\/index.php?rest_route=\/wp\/v2\/users\/2"}],"replies":[{"embeddable":true,"href":"https:\/\/zonaroja.com.mx\/index.php?rest_route=%2Fwp%2Fv2%2Fcomments&post=34942"}],"version-history":[{"count":1,"href":"https:\/\/zonaroja.com.mx\/index.php?rest_route=\/wp\/v2\/posts\/34942\/revisions"}],"predecessor-version":[{"id":34944,"href":"https:\/\/zonaroja.com.mx\/index.php?rest_route=\/wp\/v2\/posts\/34942\/revisions\/34944"}],"wp:featuredmedia":[{"embeddable":true,"href":"https:\/\/zonaroja.com.mx\/index.php?rest_route=\/wp\/v2\/media\/34943"}],"wp:attachment":[{"href":"https:\/\/zonaroja.com.mx\/index.php?rest_route=%2Fwp%2Fv2%2Fmedia&parent=34942"}],"wp:term":[{"taxonomy":"category","embeddable":true,"href":"https:\/\/zonaroja.com.mx\/index.php?rest_route=%2Fwp%2Fv2%2Fcategories&post=34942"},{"taxonomy":"post_tag","embeddable":true,"href":"https:\/\/zonaroja.com.mx\/index.php?rest_route=%2Fwp%2Fv2%2Ftags&post=34942"}],"curies":[{"name":"wp","href":"https:\/\/api.w.org\/{rel}","templated":true}]}}