{"id":34945,"date":"2021-12-02T20:14:33","date_gmt":"2021-12-03T02:14:33","guid":{"rendered":"http:\/\/www.zonaroja.com.mx\/?p=34945"},"modified":"2021-12-02T20:14:40","modified_gmt":"2021-12-03T02:14:40","slug":"detectan-caso-sospechoso-de-la-variante-omicron-de-covid-19-en-mexico","status":"publish","type":"post","link":"https:\/\/zonaroja.com.mx\/?p=34945","title":{"rendered":"Detectan caso sospechoso de la variante \u201c\u00d3micron\u201d de covid-19 en M\u00e9xico"},"content":{"rendered":"\n<p>Redacci\u00f3n\/Zona Roja Cdmx.<\/p>\n\n\n\n<p>Ciudad de M\u00e9xico, 2 de diciembre de 2021.- El Instituto de Diagn\u00f3stico y Referencia Epidemiol\u00f3gicos (InDRE) analiza un caso sospechoso de la variante de Covid-19 \u201c\u00d3micron\u201d, detectada en un viajero procedente de Sud\u00e1frica, con la que manifest\u00f3 tener s\u00edntomas a la hora de aterrizar a Mexico.<\/p>\n\n\n\n<p>De acuerdo con el sitio digital de \u201cMilenio\u201d, las autoridades sanitarias mantienen bajo resguardo al paciente y est\u00e1n corriendo las pruebas gen\u00f3micas de comprobaci\u00f3n o descarte.<\/p>\n\n\n\n<p>Por protocolo internacional, las autoridades sanitarias comenzaron a solicitar a los pacientes si manifestaban algunos s\u00edntomas y uno present\u00f3 s\u00edntomas, por lo que se procedi\u00f3 a otorgarle la atenci\u00f3n m\u00e9dica, refiere la publicaci\u00f3n de esta noche.<\/p>\n\n\n\n<p>\u201cMilenio\u201d a\u00f1ade que el 30 de noviembre, Hugo L\u00f3pez-Gatell, subsecretario de Prevenci\u00f3n y Promoci\u00f3n de la Salud, pidi\u00f3 dar por hecho que \u201c\u00d3micron\u201d llegar\u00eda a M\u00e9xico y ser\u00eda \u00abuna de las variantes predominantes\u00bb.<\/p>\n\n\n\n<p>El presidente L\u00f3pez Obrador asegur\u00f3 el 30 de noviembre que no hab\u00eda elementos de preocupaci\u00f3n ni motivos de riesgo frente a la variante del coronavirus SARS-CoV-2, a\u00f1ade \u201cMilenio\u201d.<\/p>\n\n\n\n<p>El 1 de diciembre, el primer caso confirmado de la variante del Covid-19 \u201c\u00d3micron\u201d en Estados Unidos se detect\u00f3 en una persona en California, inform\u00f3 la agencia federal de los Centros para el Control y la Prevenci\u00f3n de Enfermedades (CDC).<\/p>\n","protected":false},"excerpt":{"rendered":"<p>Redacci\u00f3n\/Zona Roja Cdmx. Ciudad de M\u00e9xico, 2 de diciembre de 2021.- El Instituto de Diagn\u00f3stico&hellip;<\/p>\n","protected":false},"author":2,"featured_media":34752,"comment_status":"closed","ping_status":"open","sticky":false,"template":"","format":"standard","meta":{"_lmt_disableupdate":"","_lmt_disable":"","_jetpack_memberships_contains_paid_content":false,"footnotes":""},"categories":[109,47],"tags":[2956],"class_list":["post-34945","post","type-post","status-publish","format-standard","has-post-thumbnail","hentry","category-minuto-a-minuto","category-zona-gris","tag-variante-covid-omicron"],"jetpack_featured_media_url":"https:\/\/zonaroja.com.mx\/wp-content\/uploads\/2021\/11\/Omicron-covid-coronavirus.jpg","jetpack_sharing_enabled":true,"_links":{"self":[{"href":"https:\/\/zonaroja.com.mx\/index.php?rest_route=\/wp\/v2\/posts\/34945","targetHints":{"allow":["GET"]}}],"collection":[{"href":"https:\/\/zonaroja.com.mx\/index.php?rest_route=\/wp\/v2\/posts"}],"about":[{"href":"https:\/\/zonaroja.com.mx\/index.php?rest_route=\/wp\/v2\/types\/post"}],"author":[{"embeddable":true,"href":"https:\/\/zonaroja.com.mx\/index.php?rest_route=\/wp\/v2\/users\/2"}],"replies":[{"embeddable":true,"href":"https:\/\/zonaroja.com.mx\/index.php?rest_route=%2Fwp%2Fv2%2Fcomments&post=34945"}],"version-history":[{"count":1,"href":"https:\/\/zonaroja.com.mx\/index.php?rest_route=\/wp\/v2\/posts\/34945\/revisions"}],"predecessor-version":[{"id":34946,"href":"https:\/\/zonaroja.com.mx\/index.php?rest_route=\/wp\/v2\/posts\/34945\/revisions\/34946"}],"wp:featuredmedia":[{"embeddable":true,"href":"https:\/\/zonaroja.com.mx\/index.php?rest_route=\/wp\/v2\/media\/34752"}],"wp:attachment":[{"href":"https:\/\/zonaroja.com.mx\/index.php?rest_route=%2Fwp%2Fv2%2Fmedia&parent=34945"}],"wp:term":[{"taxonomy":"category","embeddable":true,"href":"https:\/\/zonaroja.com.mx\/index.php?rest_route=%2Fwp%2Fv2%2Fcategories&post=34945"},{"taxonomy":"post_tag","embeddable":true,"href":"https:\/\/zonaroja.com.mx\/index.php?rest_route=%2Fwp%2Fv2%2Ftags&post=34945"}],"curies":[{"name":"wp","href":"https:\/\/api.w.org\/{rel}","templated":true}]}}