{"id":34954,"date":"2021-12-02T22:25:46","date_gmt":"2021-12-03T04:25:46","guid":{"rendered":"http:\/\/www.zonaroja.com.mx\/?p=34954"},"modified":"2021-12-02T22:25:49","modified_gmt":"2021-12-03T04:25:49","slug":"no-puede-segego-con-conflictos-dos-dias-de-bloqueo-en-el-istmo","status":"publish","type":"post","link":"https:\/\/zonaroja.com.mx\/?p=34954","title":{"rendered":"No puede Segego con conflictos; dos d\u00edas de bloqueo en el Istmo"},"content":{"rendered":"\n<p>Yuridiana Sosa\/Zona Roja.<\/p>\n\n\n\n<p>Oaxaca de Ju\u00e1rez, Oax., 2 de diciembre de 2021.- A dos d\u00edas del \u00faltimo mes de a\u00f1o, Oaxaca sum\u00f3 al menos cinco bloqueos en la capital y la regi\u00f3n del Istmo, provocando graves afectaciones para la movilidad vial.<\/p>\n\n\n\n<p>Pero, adem\u00e1s, la inoperante Secretar\u00eda General de Gobierno de Oaxaca (Segego) tampoco contribuye a un cierre pac\u00edfico de a\u00f1o, pues este martes se cumplen dos d\u00edas del bloqueo en la carretera Oaxaca\u2013Istmo, en el entronque con la supercarretera Salina Cruz-La Ventosa.<\/p>\n\n\n\n<p>Habitantes del Barrio de Santa Cruz Tagolaba de Santo Domingo Tehuantepec comenzaron desde este 1 de diciembre con una manifestaci\u00f3n para exigir al gobernador apruebe el recurso para la segunda etapa de la rehabilitaci\u00f3n del drenaje en el arroyo \u201cBasaguya\u201d.<\/p>\n\n\n\n<p>El cierre de esta importante vialidad se mantuvo pasando la media noche y durante las primeras horas de la ma\u00f1ana de este jueves los vecinos retomaron su protesta con el bloqueo; lo retiraron poco despu\u00e9s de las 10 de la noche y prev\u00e9n reinstalarlo ma\u00f1ana.<\/p>\n\n\n\n<figure class=\"wp-block-embed is-type-rich is-provider-twitter wp-block-embed-twitter\"><div class=\"wp-block-embed__wrapper\">\n<div class=\"twitter-tweet\"><blockquote class=\"twitter-tweet\" data-lang=\"es\"><p lang=\"es\" dir=\"ltr\"><a href=\"https:\/\/twitter.com\/hashtag\/%C3%9AltimoMinuto?src=hash&amp;ref_src=twsrc%5Etfw\">#\u00daltimoMinuto<\/a> <br>Un reducido grupo de afiliados al STAUO bloquea la avenida Universidad de la ciudad de Oaxaca; impiden incluso el paso de motociclistas. <a href=\"https:\/\/t.co\/nfozOS1Eay\">pic.twitter.com\/nfozOS1Eay<\/a><\/p>&mdash; Zona Roja Oaxaca (@Zona_Roja_Oax) <a href=\"https:\/\/twitter.com\/Zona_Roja_Oax\/status\/1466445747495178241?ref_src=twsrc%5Etfw\">2 de diciembre de 2021<\/a><\/blockquote><\/div>\n<\/div><\/figure>\n\n\n\n<p>En la ciudad de Oaxaca, integrantes del Sindicato de Trabajadores y Empleados de la Universidad Benito Ju\u00e1rez de Oaxaca (STEUABJO) y del Sindicato de Trabajadores y Acad\u00e9micos de la Universidad de Oaxaca (STAUO) bloquearon el bulevar Eduardo Vasconcelos y avenida Universidad, respectivamente.<\/p>\n\n\n\n<p>De forma separada, grupos reducidos de ambos sindicatos se manifestaron en rechazo de supuestas intromisiones a la vida interna de la universidad por parte de autoridades estatales.<\/p>\n\n\n\n<p>Un grupo del STAUO \u201ctom\u00f3\u201d por cuarta ocasi\u00f3n en la semana las instalaciones de la Rector\u00eda de la Universidad y bloquearon la avenida Universidad frente al edificio.<\/p>\n\n\n\n<p>Sobre esta protesta consecutiva, directores de escuelas, facultades e institutos, demandaron al grupo de inconformes del STAUO evitar m\u00e1s actos violentos y agravios en contra de la UABJO.<\/p>\n\n\n\n<p>Una fracci\u00f3n del STEUABJO \u201ctom\u00f3\u201d las instalaciones de la Junta Local de Conciliaci\u00f3n y Arbitraje, y cerr\u00f3 el paso del bulevar Eduardo Vasconcelos con la retenci\u00f3n de camiones urbanos, en la exigencia de reconocimiento a Ariel Luj\u00e1n P\u00e9rez.<\/p>\n\n\n\n<p>Por la tarde, pasando las 15:00 horas, la vialidad se restableci\u00f3 en ambos puntos de la capital.<\/p>\n\n\n\n<figure class=\"wp-block-embed is-type-rich is-provider-twitter wp-block-embed-twitter\"><div class=\"wp-block-embed__wrapper\">\n<div class=\"twitter-tweet\"><blockquote class=\"twitter-tweet\" data-lang=\"es\"><p lang=\"es\" dir=\"ltr\">No cesa ingobernabilidad en Oaxaca. Este jueves un grupo del <a href=\"https:\/\/twitter.com\/STEUABJO?ref_src=twsrc%5Etfw\">@STEUABJO<\/a> bloquea el bulevar Eduardo Vasconcelos, ciudad de <a href=\"https:\/\/twitter.com\/hashtag\/Oaxaca?src=hash&amp;ref_src=twsrc%5Etfw\">#Oaxaca<\/a>.<br>En tanto, la madrugada de hoy y luego de m\u00e1s de 24 horas, manifestantes se retiraron de la v\u00eda federal 190 Oaxaca-Istmo, en el acceso a Tehuantepec. <a href=\"https:\/\/t.co\/jlQ9mMqHiF\">pic.twitter.com\/jlQ9mMqHiF<\/a><\/p>&mdash; Zona Roja Oaxaca (@Zona_Roja_Oax) <a href=\"https:\/\/twitter.com\/Zona_Roja_Oax\/status\/1466408797862301698?ref_src=twsrc%5Etfw\">2 de diciembre de 2021<\/a><\/blockquote><\/div>\n<\/div><\/figure>\n","protected":false},"excerpt":{"rendered":"<p>Yuridiana Sosa\/Zona Roja. Oaxaca de Ju\u00e1rez, Oax., 2 de diciembre de 2021.- A dos d\u00edas&hellip;<\/p>\n","protected":false},"author":2,"featured_media":34955,"comment_status":"closed","ping_status":"open","sticky":false,"template":"","format":"standard","meta":{"_lmt_disableupdate":"","_lmt_disable":"","_jetpack_memberships_contains_paid_content":false,"footnotes":""},"categories":[109,47],"tags":[2264],"class_list":["post-34954","post","type-post","status-publish","format-standard","has-post-thumbnail","hentry","category-minuto-a-minuto","category-zona-gris","tag-bloqueos-y-protestas-oaxaca"],"jetpack_featured_media_url":"https:\/\/zonaroja.com.mx\/wp-content\/uploads\/2021\/12\/Bloqueo-Tagolava-Istmo.jpg","jetpack_sharing_enabled":true,"_links":{"self":[{"href":"https:\/\/zonaroja.com.mx\/index.php?rest_route=\/wp\/v2\/posts\/34954","targetHints":{"allow":["GET"]}}],"collection":[{"href":"https:\/\/zonaroja.com.mx\/index.php?rest_route=\/wp\/v2\/posts"}],"about":[{"href":"https:\/\/zonaroja.com.mx\/index.php?rest_route=\/wp\/v2\/types\/post"}],"author":[{"embeddable":true,"href":"https:\/\/zonaroja.com.mx\/index.php?rest_route=\/wp\/v2\/users\/2"}],"replies":[{"embeddable":true,"href":"https:\/\/zonaroja.com.mx\/index.php?rest_route=%2Fwp%2Fv2%2Fcomments&post=34954"}],"version-history":[{"count":1,"href":"https:\/\/zonaroja.com.mx\/index.php?rest_route=\/wp\/v2\/posts\/34954\/revisions"}],"predecessor-version":[{"id":34956,"href":"https:\/\/zonaroja.com.mx\/index.php?rest_route=\/wp\/v2\/posts\/34954\/revisions\/34956"}],"wp:featuredmedia":[{"embeddable":true,"href":"https:\/\/zonaroja.com.mx\/index.php?rest_route=\/wp\/v2\/media\/34955"}],"wp:attachment":[{"href":"https:\/\/zonaroja.com.mx\/index.php?rest_route=%2Fwp%2Fv2%2Fmedia&parent=34954"}],"wp:term":[{"taxonomy":"category","embeddable":true,"href":"https:\/\/zonaroja.com.mx\/index.php?rest_route=%2Fwp%2Fv2%2Fcategories&post=34954"},{"taxonomy":"post_tag","embeddable":true,"href":"https:\/\/zonaroja.com.mx\/index.php?rest_route=%2Fwp%2Fv2%2Ftags&post=34954"}],"curies":[{"name":"wp","href":"https:\/\/api.w.org\/{rel}","templated":true}]}}