{"id":34960,"date":"2021-12-03T07:49:24","date_gmt":"2021-12-03T13:49:24","guid":{"rendered":"http:\/\/www.zonaroja.com.mx\/?p=34960"},"modified":"2021-12-03T07:49:27","modified_gmt":"2021-12-03T13:49:27","slug":"propone-diputada-del-pup-reformas-para-evitar-fuerenos-en-el-gobierno","status":"publish","type":"post","link":"https:\/\/zonaroja.com.mx\/?p=34960","title":{"rendered":"Propone diputada del PUP reformas para evitar fuere\u00f1os en el gobierno"},"content":{"rendered":"\n<p>Yuridiana Sosa\/Zona Roja.<\/p>\n\n\n\n<p>Oaxaca de Ju\u00e1rez, Oax., 2 de diciembre de 2021.- Ante el desconocimiento de los problemas en las comunidades oaxaque\u00f1as por parte de funcionarios estatales \u201cfuere\u00f1os\u201d, se present\u00f3 al pleno de la 64 Legislatura de Oaxaca una iniciativa de reforma para que los principales cargos de las dependencias en el estado sean ocupados por oaxaque\u00f1os.<\/p>\n\n\n\n<p>La diputada por el Partido Unidad Popular (PUP), X\u00f3chitl Jazm\u00edn Vel\u00e1squez, present\u00f3 una iniciativa con proyecto de decreto para reformar la Ley Org\u00e1nica del Poder Ejecutivo de Oaxaca, en sus p\u00e1rrafos primero y segundo y la fracci\u00f3n Primera del art\u00edculo 21.<\/p>\n\n\n\n<p>Durante su exposici\u00f3n, la legisladora destac\u00f3 que las situaciones que viven los pueblos originarios no ha logrado ser comprendida por los servidores p\u00fablicos originarios del Estado de M\u00e9xico, los cuales han fungido en distintas dependencias de la administraci\u00f3n actual de Alejandro Murat.<\/p>\n\n\n\n<p>Por ese motivo, asever\u00f3 que la administraci\u00f3n p\u00fablica de Oaxaca debe contar con los mejores perfiles de personas originarias de la entidad, es as\u00ed que con esa reforma se busca que sean los oriundos los titulares y subsecretar\u00edas de las dependencias.<\/p>\n\n\n\n<p>En caso de no serlo, debe comprobar su experiencia m\u00ednima de tres a\u00f1os en la administraci\u00f3n p\u00fablica en Oaxaca; en ambos sentidos, se busca tambi\u00e9n la profesionalizaci\u00f3n del servicio p\u00fablico.<\/p>\n\n\n\n<p>La intenci\u00f3n de la diputada del PUP es que esta propuesta sea discutida y aprobada antes del cierre del primer periodo de sesiones.<\/p>\n\n\n\n<figure class=\"wp-block-embed is-type-rich is-provider-twitter wp-block-embed-twitter\"><div class=\"wp-block-embed__wrapper\">\n<div class=\"twitter-tweet\"><blockquote class=\"twitter-tweet\" data-lang=\"es\"><p lang=\"es\" dir=\"ltr\">\u00a1No m\u00e1s fuere\u00f1os en el gobierno de Oaxaca! El pasado martes, la diputada por el PUP, <a href=\"https:\/\/twitter.com\/XochitlJazminV?ref_src=twsrc%5Etfw\">@XochitlJazminV<\/a>, present\u00f3 una iniciativa para modificar la Ley Org\u00e1nica del Poder Ejecutivo a fin de que los funcionarios estatales sean de la entidad o tengan residencia probada. <a href=\"https:\/\/t.co\/YJ5tCkTK6p\">pic.twitter.com\/YJ5tCkTK6p<\/a><\/p>&mdash; Zona Roja Oaxaca (@Zona_Roja_Oax) <a href=\"https:\/\/twitter.com\/Zona_Roja_Oax\/status\/1466552737995407360?ref_src=twsrc%5Etfw\">2 de diciembre de 2021<\/a><\/blockquote><\/div>\n<\/div><\/figure>\n","protected":false},"excerpt":{"rendered":"<p>Yuridiana Sosa\/Zona Roja. Oaxaca de Ju\u00e1rez, Oax., 2 de diciembre de 2021.- Ante el desconocimiento&hellip;<\/p>\n","protected":false},"author":2,"featured_media":34961,"comment_status":"closed","ping_status":"open","sticky":false,"template":"","format":"standard","meta":{"_lmt_disableupdate":"","_lmt_disable":"","_jetpack_memberships_contains_paid_content":false,"footnotes":""},"categories":[109,46],"tags":[2961],"class_list":["post-34960","post","type-post","status-publish","format-standard","has-post-thumbnail","hentry","category-minuto-a-minuto","category-zona-blanca","tag-xochitl-jazmin-velasquez"],"jetpack_featured_media_url":"https:\/\/zonaroja.com.mx\/wp-content\/uploads\/2021\/12\/Xochitl-Jazmin-Velasquez.jpg","jetpack_sharing_enabled":true,"_links":{"self":[{"href":"https:\/\/zonaroja.com.mx\/index.php?rest_route=\/wp\/v2\/posts\/34960","targetHints":{"allow":["GET"]}}],"collection":[{"href":"https:\/\/zonaroja.com.mx\/index.php?rest_route=\/wp\/v2\/posts"}],"about":[{"href":"https:\/\/zonaroja.com.mx\/index.php?rest_route=\/wp\/v2\/types\/post"}],"author":[{"embeddable":true,"href":"https:\/\/zonaroja.com.mx\/index.php?rest_route=\/wp\/v2\/users\/2"}],"replies":[{"embeddable":true,"href":"https:\/\/zonaroja.com.mx\/index.php?rest_route=%2Fwp%2Fv2%2Fcomments&post=34960"}],"version-history":[{"count":1,"href":"https:\/\/zonaroja.com.mx\/index.php?rest_route=\/wp\/v2\/posts\/34960\/revisions"}],"predecessor-version":[{"id":34962,"href":"https:\/\/zonaroja.com.mx\/index.php?rest_route=\/wp\/v2\/posts\/34960\/revisions\/34962"}],"wp:featuredmedia":[{"embeddable":true,"href":"https:\/\/zonaroja.com.mx\/index.php?rest_route=\/wp\/v2\/media\/34961"}],"wp:attachment":[{"href":"https:\/\/zonaroja.com.mx\/index.php?rest_route=%2Fwp%2Fv2%2Fmedia&parent=34960"}],"wp:term":[{"taxonomy":"category","embeddable":true,"href":"https:\/\/zonaroja.com.mx\/index.php?rest_route=%2Fwp%2Fv2%2Fcategories&post=34960"},{"taxonomy":"post_tag","embeddable":true,"href":"https:\/\/zonaroja.com.mx\/index.php?rest_route=%2Fwp%2Fv2%2Ftags&post=34960"}],"curies":[{"name":"wp","href":"https:\/\/api.w.org\/{rel}","templated":true}]}}