{"id":34966,"date":"2021-12-03T08:10:39","date_gmt":"2021-12-03T14:10:39","guid":{"rendered":"http:\/\/www.zonaroja.com.mx\/?p=34966"},"modified":"2021-12-03T08:10:44","modified_gmt":"2021-12-03T14:10:44","slug":"convoca-renac-a-movilizacion-nacional-discapacidad-con-orgullo","status":"publish","type":"post","link":"https:\/\/zonaroja.com.mx\/?p=34966","title":{"rendered":"Convoca Renac a movilizaci\u00f3n nacional \u201cDiscapacidad con orgullo\u201d"},"content":{"rendered":"\n<p>Yuridiana Sosa\/Zona Roja.<\/p>\n\n\n\n<p>Oaxaca de Ju\u00e1rez, Oax., 3 de diciembre de 2021.- La Red Nacional de Ciegos (Renac), encabezada por el oaxaque\u00f1o Edgar Cruz Luj\u00e1n, conmemora desde la capital del pa\u00eds y en redes sociales el D\u00eda Internacional de las Personas con Discapacidad, para lo cual&nbsp; han convocado a la poblaci\u00f3n a unirse.<\/p>\n\n\n\n<p>Bajo el lema \u201cDiscapacidad con orgullo\u201d, la Renac invita a la lucha por los derechos de las personas con discapacidad este 3 y 4 de diciembre, desde el \u00c1ngel de la Independencia en la Ciudad de M\u00e9xico y en redes sociales con la etiqueta de su lema.<\/p>\n\n\n\n<p>Como parte de esta conmemoraci\u00f3n, este 3 de diciembre la Red tambi\u00e9n participar\u00e1 en el Primer Parlamento de Personas con Discapacidad, a realizarse desde el Senado de la Rep\u00fablica.<\/p>\n\n\n\n<p>La Red Nacional de Ciegos naci\u00f3 en el 2020, en medio de una contingencia sanitaria, con el fin de visibilizar las m\u00faltiples y dif\u00edciles situaciones que viven las personas con discapacidad durante la pandemia.<\/p>\n\n\n\n<p>Pero tambi\u00e9n, este movimiento social tiene la tarea de capacitar, sensibilizar y empoderar a la persona con discapacidad en nuestro pa\u00eds, por lo que, en el transcurso de un a\u00f1o, la Renac ha realizado diversas actividades con este sector.<\/p>\n\n\n\n<figure class=\"wp-block-embed is-type-rich is-provider-twitter wp-block-embed-twitter\"><div class=\"wp-block-embed__wrapper\">\n<div class=\"twitter-tweet\"><blockquote class=\"twitter-tweet\" data-lang=\"es\"><p lang=\"es\" dir=\"ltr\">Este pr\u00f3ximo 3 de diciembre, la Red Nacional de Ciegos te invita a unirte a la lucha por los derechos de las personas con discapacidad.<br>La cita es en el \u00e1ngel de la Independencia a las 11 de la ma\u00f1ana o en redes sociales utilizando en tus publicaciones <a href=\"https:\/\/twitter.com\/hashtag\/DiscapacidadConOrgullo?src=hash&amp;ref_src=twsrc%5Etfw\">#DiscapacidadConOrgullo<\/a> <a href=\"https:\/\/t.co\/42ZuJYpWli\">pic.twitter.com\/42ZuJYpWli<\/a><\/p>&mdash; Red Nacional de Ciegos MX. \ud83e\uddd1\ud83c\udffe\u200d\ud83e\uddaf \ud83c\uddf2\ud83c\uddfd (@Renac_MX) <a href=\"https:\/\/twitter.com\/Renac_MX\/status\/1461698228961693701?ref_src=twsrc%5Etfw\">19 de noviembre de 2021<\/a><\/blockquote><\/div>\n<\/div><\/figure>\n\n\n\n<p>\u201cEs momento que las personas con discapacidad nos unamos por nuestra causa y unamos nuestro talento en favor de la lucha de nuestro sector\u201d, indic\u00f3 el presidente de la Red, Edgar Cruz Luj\u00e1n.<\/p>\n\n\n\n<p>Desde el pasado mes de agosto esta agrupaci\u00f3n ha realizado otras manifestaciones p\u00fablicas con el lema \u201corgullo y dignidad\u201d en la Ciudad de M\u00e9xico, rumbo a esta importante conmemoraci\u00f3n para visibilizarse y dejar en claro que \u201cno son humanos de segunda\u201d.&nbsp;<\/p>\n\n\n\n<p>En septiembre de este a\u00f1o, el oaxaque\u00f1o Edgar Cruz Lujan tom\u00f3 la presidencia de la Renac bajo un proceso democr\u00e1tico por el que fue electo.<\/p>\n\n\n\n<p>Cruz Luj\u00e1n es un activista defensor de los derechos de las personas con discapacidad es abogado, Atleta Paral\u00edmpico y Premio Estatal del Deporte 2004, as\u00ed como Coordinador del Centro para Ciegos Oaxaca (Cedyd).<\/p>\n\n\n\n<p>El ex jugador de golbol tambi\u00e9n ha fungido como jurado para la selecci\u00f3n del Premio Estatal de Deporte 2020 de Oaxaca.<\/p>\n\n\n\n<p>\u201cSigamos adelante. Unidas Las Personas Con Discapacidad lo haremos posible #Discapacidadcon rgullo\u201d, comparti\u00f3 el activista con una imagen en la que prepara su camino a la Ciudad de M\u00e9xico.<\/p>\n","protected":false},"excerpt":{"rendered":"<p>Yuridiana Sosa\/Zona Roja. Oaxaca de Ju\u00e1rez, Oax., 3 de diciembre de 2021.- La Red Nacional&hellip;<\/p>\n","protected":false},"author":2,"featured_media":34967,"comment_status":"closed","ping_status":"open","sticky":false,"template":"","format":"standard","meta":{"_lmt_disableupdate":"","_lmt_disable":"","_jetpack_memberships_contains_paid_content":false,"footnotes":""},"categories":[109,46],"tags":[2962],"class_list":["post-34966","post","type-post","status-publish","format-standard","has-post-thumbnail","hentry","category-minuto-a-minuto","category-zona-blanca","tag-red-nacional-de-ciegos-renac"],"jetpack_featured_media_url":"https:\/\/zonaroja.com.mx\/wp-content\/uploads\/2021\/12\/Discapacidad-visual-Oaxaca.jpg","jetpack_sharing_enabled":true,"_links":{"self":[{"href":"https:\/\/zonaroja.com.mx\/index.php?rest_route=\/wp\/v2\/posts\/34966","targetHints":{"allow":["GET"]}}],"collection":[{"href":"https:\/\/zonaroja.com.mx\/index.php?rest_route=\/wp\/v2\/posts"}],"about":[{"href":"https:\/\/zonaroja.com.mx\/index.php?rest_route=\/wp\/v2\/types\/post"}],"author":[{"embeddable":true,"href":"https:\/\/zonaroja.com.mx\/index.php?rest_route=\/wp\/v2\/users\/2"}],"replies":[{"embeddable":true,"href":"https:\/\/zonaroja.com.mx\/index.php?rest_route=%2Fwp%2Fv2%2Fcomments&post=34966"}],"version-history":[{"count":1,"href":"https:\/\/zonaroja.com.mx\/index.php?rest_route=\/wp\/v2\/posts\/34966\/revisions"}],"predecessor-version":[{"id":34968,"href":"https:\/\/zonaroja.com.mx\/index.php?rest_route=\/wp\/v2\/posts\/34966\/revisions\/34968"}],"wp:featuredmedia":[{"embeddable":true,"href":"https:\/\/zonaroja.com.mx\/index.php?rest_route=\/wp\/v2\/media\/34967"}],"wp:attachment":[{"href":"https:\/\/zonaroja.com.mx\/index.php?rest_route=%2Fwp%2Fv2%2Fmedia&parent=34966"}],"wp:term":[{"taxonomy":"category","embeddable":true,"href":"https:\/\/zonaroja.com.mx\/index.php?rest_route=%2Fwp%2Fv2%2Fcategories&post=34966"},{"taxonomy":"post_tag","embeddable":true,"href":"https:\/\/zonaroja.com.mx\/index.php?rest_route=%2Fwp%2Fv2%2Ftags&post=34966"}],"curies":[{"name":"wp","href":"https:\/\/api.w.org\/{rel}","templated":true}]}}