{"id":3497,"date":"2019-08-29T08:09:29","date_gmt":"2019-08-29T13:09:29","guid":{"rendered":"http:\/\/www.zonaroja.com.mx\/?p=3497"},"modified":"2019-08-29T15:45:33","modified_gmt":"2019-08-29T20:45:33","slug":"llaman-mujeres-a-protestar-ante-incremento-de-violencia-en-su-contra-en-oaxaca","status":"publish","type":"post","link":"https:\/\/zonaroja.com.mx\/?p=3497","title":{"rendered":"Llaman mujeres a protestar ante incremento de violencia en su contra en Oaxaca"},"content":{"rendered":"\n<p>Evlin Arag\u00f3n\/Zona Roja.<\/p>\n\n\n\n<p>Oaxaca de\nJu\u00e1rez, Oax., 29 de agosto de 2019.- Mujeres organizadas, algunas adheridas a\norganizaciones sociales como Consorcio Oaxaca y el Grupo de Estudios sobre la\nMujer \u201cRosario Castellanos\u201d, realizar\u00e1n este viernes un acto simb\u00f3lico\ndenominado \u201cPor la Vida y la Justicia de las Mujeres\u201d.<\/p>\n\n\n\n<p>Lo anterior\ncon la intenci\u00f3n de dimensionar el impacto de la violencia feminicida en la\nvida de las mujeres, a un a\u00f1o &nbsp;de la\nAlerta de Violencia de G\u00e9nero en Oaxaca.<\/p>\n\n\n\n<p>Ser\u00e1 este 30\nde agosto en el Andador Tur\u00edstico, frente al templo de Santo Domingo de la\ncapital, donde se pronunciar\u00e1n en contra de todo tipo de violencia contra las\nmujeres, por lo que hacen un llamado a la ciudadan\u00eda en general para participar\nen la actividad y unirse a la exigencia de justicia.<\/p>\n\n\n\n<p>\u201cLas mujeres aportamos mucho a esta sociedad, pero las violencias que vivimos cada vez son m\u00e1s graves, por eso les convocamos a sumar fuerzas para que todas la personas nos unamos por la vida y la justicia de las mujeres oaxaque\u00f1as\u201d, refiere el promocional que difunden en las redes sociales y los medios de comunicaci\u00f3n.&nbsp; <\/p>\n\n\n\n<figure class=\"wp-block-embed-twitter wp-block-embed is-type-rich is-provider-twitter\"><div class=\"wp-block-embed__wrapper\">\n<div class=\"twitter-tweet\"><blockquote class=\"twitter-tweet\" data-lang=\"es\"><p lang=\"es\" dir=\"ltr\"><a href=\"https:\/\/twitter.com\/hashtag\/OaxacaRojo?src=hash&amp;ref_src=twsrc%5Etfw\">#OaxacaRojo<\/a><br>Ante la grave violencia contra la mujer y por el alto n\u00famero de feminicidios en <a href=\"https:\/\/twitter.com\/hashtag\/Oaxaca?src=hash&amp;ref_src=twsrc%5Etfw\">#Oaxaca<\/a>, este viernes habr\u00e1 una protesta de organismos civiles. M\u00ednimas e in\u00fatiles las acciones de la <a href=\"https:\/\/twitter.com\/SMO_GobOax?ref_src=twsrc%5Etfw\">@SMO_GobOax<\/a>, <a href=\"https:\/\/twitter.com\/SSP_GobOax?ref_src=twsrc%5Etfw\">@SSP_GobOax<\/a>, <a href=\"https:\/\/twitter.com\/FISCALIA_GobOax?ref_src=twsrc%5Etfw\">@FISCALIA_GobOax<\/a>, entre otras instancias del <a href=\"https:\/\/twitter.com\/GobOax?ref_src=twsrc%5Etfw\">@GobOax<\/a>. <a href=\"https:\/\/t.co\/thhaQuEpDO\">pic.twitter.com\/thhaQuEpDO<\/a><\/p>&mdash; Zona Roja Oaxaca (@MexRoja) <a href=\"https:\/\/twitter.com\/MexRoja\/status\/1167164798737494017?ref_src=twsrc%5Etfw\">29 de agosto de 2019<\/a><\/blockquote><\/div>\n<\/div><\/figure>\n\n\n\n<p>Y es que de\nacuerdo con la base de datos que realiza Consorcio Oaxaca, durante la\nadministraci\u00f3n de Alejandro Murat Hinojosa se han registrado 627 reportes de\nmujeres desaparecidas, 333 casos de violencia familiar, 233 delitos sexuales,\n33 casos de violencia pol\u00edtica de g\u00e9nero, as\u00ed como 337 feminicidios en todo el\nterritorio oaxaque\u00f1o.<\/p>\n\n\n\n<p>Seg\u00fan las\norganizaciones sociales de mujeres y feministas, la violencia feminicida va en\naumento pese a la declaratoria de Alerta de Violencia de G\u00e9nero para Mujeres en\nOaxaca (AVGM), la cual han calificado como carente de resultados y, por el\ncontrario, desde su emisi\u00f3n hasta ahora, ha costado la vida a 124 mujeres.<\/p>\n\n\n\n<p>Lo anterior\nha sido minimizado por las autoridades estatales como la Fiscal\u00eda General del\nEstado, cuyo titular Rub\u00e9n Vasconcelos M\u00e9ndez, aseguran que la dependencia a su\ncargo \u00fanicamente tiene el registro de 18 feminicidios en lo que va del a\u00f1o, sin\nembargo reconoce la existencia de homicidios dolosos en contra de las mujeres\npara los cuales se han iniciado 67 carpetas de investigaci\u00f3n en este 2019.<\/p>\n","protected":false},"excerpt":{"rendered":"<p>Evlin Arag\u00f3n\/Zona Roja. Oaxaca de Ju\u00e1rez, Oax., 29 de agosto de 2019.- Mujeres organizadas, algunas&hellip;<\/p>\n","protected":false},"author":2,"featured_media":3356,"comment_status":"closed","ping_status":"open","sticky":false,"template":"","format":"standard","meta":{"_lmt_disableupdate":"","_lmt_disable":"","_jetpack_memberships_contains_paid_content":false,"footnotes":""},"categories":[109,51],"tags":[610],"class_list":["post-3497","post","type-post","status-publish","format-standard","has-post-thumbnail","hentry","category-minuto-a-minuto","category-zona-roja","tag-feminicidios-oaxaca"],"jetpack_featured_media_url":"https:\/\/zonaroja.com.mx\/wp-content\/uploads\/2019\/08\/Mar\u00eda-del-Sol-Cruz-Jarqu\u00edn-1-1.jpg","jetpack_sharing_enabled":true,"_links":{"self":[{"href":"https:\/\/zonaroja.com.mx\/index.php?rest_route=\/wp\/v2\/posts\/3497","targetHints":{"allow":["GET"]}}],"collection":[{"href":"https:\/\/zonaroja.com.mx\/index.php?rest_route=\/wp\/v2\/posts"}],"about":[{"href":"https:\/\/zonaroja.com.mx\/index.php?rest_route=\/wp\/v2\/types\/post"}],"author":[{"embeddable":true,"href":"https:\/\/zonaroja.com.mx\/index.php?rest_route=\/wp\/v2\/users\/2"}],"replies":[{"embeddable":true,"href":"https:\/\/zonaroja.com.mx\/index.php?rest_route=%2Fwp%2Fv2%2Fcomments&post=3497"}],"version-history":[{"count":4,"href":"https:\/\/zonaroja.com.mx\/index.php?rest_route=\/wp\/v2\/posts\/3497\/revisions"}],"predecessor-version":[{"id":3506,"href":"https:\/\/zonaroja.com.mx\/index.php?rest_route=\/wp\/v2\/posts\/3497\/revisions\/3506"}],"wp:featuredmedia":[{"embeddable":true,"href":"https:\/\/zonaroja.com.mx\/index.php?rest_route=\/wp\/v2\/media\/3356"}],"wp:attachment":[{"href":"https:\/\/zonaroja.com.mx\/index.php?rest_route=%2Fwp%2Fv2%2Fmedia&parent=3497"}],"wp:term":[{"taxonomy":"category","embeddable":true,"href":"https:\/\/zonaroja.com.mx\/index.php?rest_route=%2Fwp%2Fv2%2Fcategories&post=3497"},{"taxonomy":"post_tag","embeddable":true,"href":"https:\/\/zonaroja.com.mx\/index.php?rest_route=%2Fwp%2Fv2%2Ftags&post=3497"}],"curies":[{"name":"wp","href":"https:\/\/api.w.org\/{rel}","templated":true}]}}