{"id":34972,"date":"2021-12-03T08:37:04","date_gmt":"2021-12-03T14:37:04","guid":{"rendered":"http:\/\/www.zonaroja.com.mx\/?p=34972"},"modified":"2021-12-03T08:37:08","modified_gmt":"2021-12-03T14:37:08","slug":"matan-a-balazos-a-dos-personas-en-zona-de-etla-oaxaca-entre-ellas-un-menor","status":"publish","type":"post","link":"https:\/\/zonaroja.com.mx\/?p=34972","title":{"rendered":"Matan a balazos a dos personas en zona de Etla, Oaxaca, entre ellas un menor"},"content":{"rendered":"\n<p>Redacci\u00f3n\/Zona Roja.<\/p>\n\n\n\n<p>Oaxaca de Ju\u00e1rez, Oax., 3 de diciembre de 2021.- En dos hechos distintos, en el distrito de Etla, Oaxaca, fueron asesinados a balazos un menor de edad y una persona adulta.<\/p>\n\n\n\n<p>Los sucesos violentos ocurrieron en los \u00faltimos minutos del mi\u00e9rcoles y las v\u00edctimas fallecieron la madrugada de ayer.<\/p>\n\n\n\n<p>Un peque\u00f1o de tres a\u00f1os de edad y su familia fueron atacados a balazos en la carretera a San Isidro Zautla, en la Villa de Etla cuando se dirig\u00edan a bordo de un veh\u00edculo a Santo Tom\u00e1s Mazaltepec.<\/p>\n\n\n\n<p>Alrededor de las 23.45 se registr\u00f3 el ataque armado en contra del ni\u00f1o Daniel, quien iba acompa\u00f1ado de sus padres Edgar R. R. y Viridiana V.F.; el menor fue trasladado a un hospital de la ciudad de Oaxaca, donde falleci\u00f3 la madrugada de ayer.<\/p>\n\n\n\n<p>Los atacantes presuntamente viajaban a bordo de un veh\u00edculo color rojo y hasta ahora no han sido localizados.<\/p>\n\n\n\n<p>Por otra parte, tambi\u00e9n la misma noche del mi\u00e9rcoles y minutos antes del primer hecho, en los l\u00edmites de Reyes y la Villa de Etla fue atacado a balazos un individuo, identificado como Carlos C. L., de 28 a\u00f1os de edad, y quien muri\u00f3 en el mismo sitio.<\/p>\n\n\n\n<p>El hombre se hallaba frente a un domicilio ubicado donde estaba la estaci\u00f3n del tren y atr\u00e1s de una tienda de autoservicio, en la divisi\u00f3n de Etla y la comunidad de Reyes. Fue trasladado a un hospital de la capital, pero en el trayecto cay\u00f3 en paro cardiorespiratorio y muri\u00f3.<\/p>\n","protected":false},"excerpt":{"rendered":"<p>Redacci\u00f3n\/Zona Roja. Oaxaca de Ju\u00e1rez, Oax., 3 de diciembre de 2021.- En dos hechos distintos,&hellip;<\/p>\n","protected":false},"author":2,"featured_media":34973,"comment_status":"closed","ping_status":"open","sticky":false,"template":"","format":"standard","meta":{"_lmt_disableupdate":"","_lmt_disable":"","_jetpack_memberships_contains_paid_content":false,"footnotes":""},"categories":[109,51],"tags":[882],"class_list":["post-34972","post","type-post","status-publish","format-standard","has-post-thumbnail","hentry","category-minuto-a-minuto","category-zona-roja","tag-villa-de-etla"],"jetpack_featured_media_url":"https:\/\/zonaroja.com.mx\/wp-content\/uploads\/2021\/12\/Asesinado-a-balazos-menor-Etla.jpg","jetpack_sharing_enabled":true,"_links":{"self":[{"href":"https:\/\/zonaroja.com.mx\/index.php?rest_route=\/wp\/v2\/posts\/34972","targetHints":{"allow":["GET"]}}],"collection":[{"href":"https:\/\/zonaroja.com.mx\/index.php?rest_route=\/wp\/v2\/posts"}],"about":[{"href":"https:\/\/zonaroja.com.mx\/index.php?rest_route=\/wp\/v2\/types\/post"}],"author":[{"embeddable":true,"href":"https:\/\/zonaroja.com.mx\/index.php?rest_route=\/wp\/v2\/users\/2"}],"replies":[{"embeddable":true,"href":"https:\/\/zonaroja.com.mx\/index.php?rest_route=%2Fwp%2Fv2%2Fcomments&post=34972"}],"version-history":[{"count":1,"href":"https:\/\/zonaroja.com.mx\/index.php?rest_route=\/wp\/v2\/posts\/34972\/revisions"}],"predecessor-version":[{"id":34974,"href":"https:\/\/zonaroja.com.mx\/index.php?rest_route=\/wp\/v2\/posts\/34972\/revisions\/34974"}],"wp:featuredmedia":[{"embeddable":true,"href":"https:\/\/zonaroja.com.mx\/index.php?rest_route=\/wp\/v2\/media\/34973"}],"wp:attachment":[{"href":"https:\/\/zonaroja.com.mx\/index.php?rest_route=%2Fwp%2Fv2%2Fmedia&parent=34972"}],"wp:term":[{"taxonomy":"category","embeddable":true,"href":"https:\/\/zonaroja.com.mx\/index.php?rest_route=%2Fwp%2Fv2%2Fcategories&post=34972"},{"taxonomy":"post_tag","embeddable":true,"href":"https:\/\/zonaroja.com.mx\/index.php?rest_route=%2Fwp%2Fv2%2Ftags&post=34972"}],"curies":[{"name":"wp","href":"https:\/\/api.w.org\/{rel}","templated":true}]}}