{"id":34982,"date":"2021-12-03T15:42:10","date_gmt":"2021-12-03T21:42:10","guid":{"rendered":"http:\/\/www.zonaroja.com.mx\/?p=34982"},"modified":"2021-12-03T15:42:13","modified_gmt":"2021-12-03T21:42:13","slug":"el-pri-sin-definir-aspirantes-para-gubernatura-se-elegiran-en-asamblea","status":"publish","type":"post","link":"https:\/\/zonaroja.com.mx\/?p=34982","title":{"rendered":"El PRI, sin definir aspirantes para gubernatura; se elegir\u00e1n en asamblea"},"content":{"rendered":"\n<p>Yuridiana Sosa\/Zona Roja.<\/p>\n\n\n\n<p>Oaxaca de Ju\u00e1rez, Oax., 3 de diciembre de 2021.- El Partido Revolucionario Institucional (PRI) en Oaxaca asever\u00f3 que a\u00fan no cuentan con un registro formal de precandidatos y candidatos a la gubernatura del estado, para el proceso electoral 2021-2022.<\/p>\n\n\n\n<p>El delegado del PRI en Oaxaca, Alejandro Guevara Cobos, se\u00f1al\u00f3 que ser\u00e1 en la pr\u00f3xima Asamblea Estatal Deliberativa y Electiva Oaxaca, a realizarse el 11 de diciembre, comenzar\u00e1n con la definici\u00f3n de los mejores perfiles.<\/p>\n\n\n\n<p>Por lo que descart\u00f3 que los ex funcionarios estatales que esta semana renunciaron a sus cargos en su intenci\u00f3n de contender por la gubernatura sean los \u00fanicos aspirantes a participar en el proceso interno.<\/p>\n\n\n\n<p>As\u00ed tambi\u00e9n, desconoci\u00f3 el inter\u00e9s de H\u00e9ctor Pablo Ram\u00edrez Puga Leyva de sumarse a los aspirantes por el PRI.<\/p>\n\n\n\n<figure class=\"wp-block-embed is-type-rich is-provider-twitter wp-block-embed-twitter\"><div class=\"wp-block-embed__wrapper\">\n<div class=\"twitter-tweet\"><blockquote class=\"twitter-tweet\" data-lang=\"es\"><p lang=\"es\" dir=\"ltr\"><a href=\"https:\/\/twitter.com\/hashtag\/ENVIVO?src=hash&amp;ref_src=twsrc%5Etfw\">#ENVIVO<\/a> <br>Oaxaca de Ju\u00e1rez, Oax., a 3 de diciembre de 2021.- Conferencia de prensa de la dirigencia del Partido Revolucionario Institucional (PRI), que encabeza Eviel P\u00e9rez Maga\u00f1a (<a href=\"https:\/\/twitter.com\/EvielPM?ref_src=twsrc%5Etfw\">@EvielPM<\/a>).<br>Siga aqu\u00ed la transmisi\u00f3n:<br>\ud83d\udc47<a href=\"https:\/\/t.co\/V2qKQ9sQS9\">https:\/\/t.co\/V2qKQ9sQS9<\/a><\/p>&mdash; Zona Roja Oaxaca (@Zona_Roja_Oax) <a href=\"https:\/\/twitter.com\/Zona_Roja_Oax\/status\/1466829071560675332?ref_src=twsrc%5Etfw\">3 de diciembre de 2021<\/a><\/blockquote><\/div>\n<\/div><\/figure>\n\n\n\n<p>Tras su renuncia, el ex titular de la Comisi\u00f3n Estatal del Agua (CEA) no precis\u00f3 en su mensaje por cu\u00e1l partido participar\u00e1 y adem\u00e1s, este viernes, no estuvo presente en la reuni\u00f3n que sostuvieron dirigentes del partido, integrantes y dos de los exfuncionarios estatales.<\/p>\n\n\n\n<p>Por su parte, el presidente del Comit\u00e9 Directivo Estatal del PRI, Eviel P\u00e9rez Maga\u00f1a, no descart\u00f3 una posible alianza con otro partido pol\u00edtico, pues les funcion\u00f3 en el proceso electoral de este a\u00f1o y por el que recuperaron espacios en el Congreso de Oaxaca.<\/p>\n\n\n\n<p>En la conferencia de este viernes estuvieron presentes las diputadas federales Mariana Nassar y Eufrosina Cruz Mendoza, quienes aseguraron que el PRI realizar\u00e1 un proceso apegado a la paridad de g\u00e9nero, sin simulaciones.<\/p>\n\n\n\n<p>Adem\u00e1s de Francisco Villarreal, ex titular del Instituto Estatal de Educaci\u00f3n P\u00fablica de Oaxaca (IEEPO) y Germ\u00e1n Espinoza de la Secretar\u00eda de Administraci\u00f3n, mientras que el ex secretario de Seguridad P\u00fablica de Oaxaca, Heliodoro D\u00edaz, se ausent\u00f3 por enfermedad.<\/p>\n","protected":false},"excerpt":{"rendered":"<p>Yuridiana Sosa\/Zona Roja. Oaxaca de Ju\u00e1rez, Oax., 3 de diciembre de 2021.- El Partido Revolucionario&hellip;<\/p>\n","protected":false},"author":2,"featured_media":34983,"comment_status":"closed","ping_status":"open","sticky":false,"template":"","format":"standard","meta":{"_lmt_disableupdate":"","_lmt_disable":"","_jetpack_memberships_contains_paid_content":false,"footnotes":""},"categories":[109,47],"tags":[2730],"class_list":["post-34982","post","type-post","status-publish","format-standard","has-post-thumbnail","hentry","category-minuto-a-minuto","category-zona-gris","tag-eviel-perez-magana"],"jetpack_featured_media_url":"https:\/\/zonaroja.com.mx\/wp-content\/uploads\/2021\/12\/Conferencia-de-prensa-PRI.jpg","jetpack_sharing_enabled":true,"_links":{"self":[{"href":"https:\/\/zonaroja.com.mx\/index.php?rest_route=\/wp\/v2\/posts\/34982","targetHints":{"allow":["GET"]}}],"collection":[{"href":"https:\/\/zonaroja.com.mx\/index.php?rest_route=\/wp\/v2\/posts"}],"about":[{"href":"https:\/\/zonaroja.com.mx\/index.php?rest_route=\/wp\/v2\/types\/post"}],"author":[{"embeddable":true,"href":"https:\/\/zonaroja.com.mx\/index.php?rest_route=\/wp\/v2\/users\/2"}],"replies":[{"embeddable":true,"href":"https:\/\/zonaroja.com.mx\/index.php?rest_route=%2Fwp%2Fv2%2Fcomments&post=34982"}],"version-history":[{"count":1,"href":"https:\/\/zonaroja.com.mx\/index.php?rest_route=\/wp\/v2\/posts\/34982\/revisions"}],"predecessor-version":[{"id":34984,"href":"https:\/\/zonaroja.com.mx\/index.php?rest_route=\/wp\/v2\/posts\/34982\/revisions\/34984"}],"wp:featuredmedia":[{"embeddable":true,"href":"https:\/\/zonaroja.com.mx\/index.php?rest_route=\/wp\/v2\/media\/34983"}],"wp:attachment":[{"href":"https:\/\/zonaroja.com.mx\/index.php?rest_route=%2Fwp%2Fv2%2Fmedia&parent=34982"}],"wp:term":[{"taxonomy":"category","embeddable":true,"href":"https:\/\/zonaroja.com.mx\/index.php?rest_route=%2Fwp%2Fv2%2Fcategories&post=34982"},{"taxonomy":"post_tag","embeddable":true,"href":"https:\/\/zonaroja.com.mx\/index.php?rest_route=%2Fwp%2Fv2%2Ftags&post=34982"}],"curies":[{"name":"wp","href":"https:\/\/api.w.org\/{rel}","templated":true}]}}