{"id":34989,"date":"2021-12-03T19:37:31","date_gmt":"2021-12-04T01:37:31","guid":{"rendered":"http:\/\/www.zonaroja.com.mx\/?p=34989"},"modified":"2021-12-03T19:37:36","modified_gmt":"2021-12-04T01:37:36","slug":"de-51-anos-y-viajero-procedente-de-sudafrica-el-mexicano-con-omicron","status":"publish","type":"post","link":"https:\/\/zonaroja.com.mx\/?p=34989","title":{"rendered":"De 51 a\u00f1os y viajero procedente de Sud\u00e1frica, el mexicano con \u201c\u00d3micron\u201d"},"content":{"rendered":"\n<p>Redacci\u00f3n\/Zona Roja Cdmx.<\/p>\n\n\n\n<p>Ciudad de M\u00e9xico, 3 de diciembre de 2021.- Un hombre de 51 a\u00f1os de edad, que proced\u00eda de Sud\u00e1frica, es el primer mexicano con la variante de Covid-19 denominada \u201c\u00d3micron\u201d, confirm\u00f3 la Secretar\u00eda de Salud federal.<\/p>\n\n\n\n<p>La dependencia precis\u00f3 que el contagiado se intern\u00f3 voluntariamente en un hospital privado para evitar que la enfermedad se transmita a otras personas.<\/p>\n\n\n\n<p>El paciente regres\u00f3 de Sud\u00e1frica a M\u00e9xico el 21 de noviembre y seis d\u00edas despu\u00e9s present\u00f3 los primeros s\u00edntomas.<\/p>\n\n\n\n<p>Por otra parte, la Organizaci\u00f3n Mundial de la Salud (OMS) inform\u00f3 que no tiene constancia por ahora de ninguna muerte vinculada a la variante \u201c\u00d3micron\u201d del coronavirus, indic\u00f3 este viernes uno de sus portavoces en Ginebra.<\/p>\n\n\n\n<p>Pero teniendo en cuenta que muchos pa\u00edses incrementan sus test para intentar detectar la nueva variante \u00abtendremos seguro m\u00e1s casos, m\u00e1s informaciones y, ojal\u00e1 que no, posiblemente fallecidos\u00bb, dijo.<\/p>\n\n\n\n<p>La nueva variante, considerada preocupante por la OMS, fue detectada primero en el sur de \u00c1frica pero desde que las autoridades sudafricanas alertaron al mundo de su descubrimiento, el 24 de noviembre, se han registrado casos de Covid debidos a \u201c\u00d3micron\u201d en unos 30 pa\u00edses en todos los continentes.<\/p>\n\n\n\n<p>La OMS considera que la probabilidad de que \u00f3micron se extienda por todo el mundo es \u00abelevada\u00bb aunque hay muchas inc\u00f3gnitas sobre la peligrosidad y la transmisibilidad reales de esta variante.<\/p>\n","protected":false},"excerpt":{"rendered":"<p>Redacci\u00f3n\/Zona Roja Cdmx. Ciudad de M\u00e9xico, 3 de diciembre de 2021.- Un hombre de 51&hellip;<\/p>\n","protected":false},"author":2,"featured_media":34752,"comment_status":"closed","ping_status":"open","sticky":false,"template":"","format":"standard","meta":{"_lmt_disableupdate":"","_lmt_disable":"","_jetpack_memberships_contains_paid_content":false,"footnotes":""},"categories":[109,47],"tags":[2956],"class_list":["post-34989","post","type-post","status-publish","format-standard","has-post-thumbnail","hentry","category-minuto-a-minuto","category-zona-gris","tag-variante-covid-omicron"],"jetpack_featured_media_url":"https:\/\/zonaroja.com.mx\/wp-content\/uploads\/2021\/11\/Omicron-covid-coronavirus.jpg","jetpack_sharing_enabled":true,"_links":{"self":[{"href":"https:\/\/zonaroja.com.mx\/index.php?rest_route=\/wp\/v2\/posts\/34989","targetHints":{"allow":["GET"]}}],"collection":[{"href":"https:\/\/zonaroja.com.mx\/index.php?rest_route=\/wp\/v2\/posts"}],"about":[{"href":"https:\/\/zonaroja.com.mx\/index.php?rest_route=\/wp\/v2\/types\/post"}],"author":[{"embeddable":true,"href":"https:\/\/zonaroja.com.mx\/index.php?rest_route=\/wp\/v2\/users\/2"}],"replies":[{"embeddable":true,"href":"https:\/\/zonaroja.com.mx\/index.php?rest_route=%2Fwp%2Fv2%2Fcomments&post=34989"}],"version-history":[{"count":1,"href":"https:\/\/zonaroja.com.mx\/index.php?rest_route=\/wp\/v2\/posts\/34989\/revisions"}],"predecessor-version":[{"id":34990,"href":"https:\/\/zonaroja.com.mx\/index.php?rest_route=\/wp\/v2\/posts\/34989\/revisions\/34990"}],"wp:featuredmedia":[{"embeddable":true,"href":"https:\/\/zonaroja.com.mx\/index.php?rest_route=\/wp\/v2\/media\/34752"}],"wp:attachment":[{"href":"https:\/\/zonaroja.com.mx\/index.php?rest_route=%2Fwp%2Fv2%2Fmedia&parent=34989"}],"wp:term":[{"taxonomy":"category","embeddable":true,"href":"https:\/\/zonaroja.com.mx\/index.php?rest_route=%2Fwp%2Fv2%2Fcategories&post=34989"},{"taxonomy":"post_tag","embeddable":true,"href":"https:\/\/zonaroja.com.mx\/index.php?rest_route=%2Fwp%2Fv2%2Ftags&post=34989"}],"curies":[{"name":"wp","href":"https:\/\/api.w.org\/{rel}","templated":true}]}}