{"id":3500,"date":"2019-08-29T13:39:33","date_gmt":"2019-08-29T18:39:33","guid":{"rendered":"https:\/\/www.zonaroja.com.mx\/?p=3500"},"modified":"2019-08-29T15:44:47","modified_gmt":"2019-08-29T20:44:47","slug":"enesimo-feminicidio-en-oaxaca-matan-a-mujer-frente-a-sus-hijos","status":"publish","type":"post","link":"https:\/\/zonaroja.com.mx\/?p=3500","title":{"rendered":"En\u00e9simo feminicidio en Oaxaca; matan a mujer frente a sus hijos"},"content":{"rendered":"\n<p>Evlin Arag\u00f3n\/Zona Roja.<\/p>\n\n\n\n<p>Cuil\u00e1pam de Guerrero, Oax.- En v\u00edsperas que se cumpla un a\u00f1o de la Declaratoria de Alerta por Violencia de G\u00e9nero en Oaxaca, este jueves fue asesinada a balazos una mujer, cuyo cuerpo fue encontrado tendido sobre un camino de terracer\u00eda perteneciente al Rancho Ar\u00e9chiga, en las inmediaciones del municipio de Cuil\u00e1pam de Guerrero.<\/p>\n\n\n\n<p>De acuerdo con los primeros reportes, fue despu\u00e9s de las siete de la ma\u00f1ana que la mujer, que respond\u00eda al nombre de Cristina, fue asesinada por al menos dos impactos de bala, ello mientras caminaba por un acceso de terracer\u00eda en compa\u00f1\u00eda de sus hijos, presuntamente rumbo a la escuela.<\/p>\n\n\n\n<p>Al lugar de los hechos llegaron las autoridades periciales y del Ministerio P\u00fablico quienes despu\u00e9s de las 11 horas hicieron el levantamiento del cuerpo; de acuerdo con testigos, junto al cad\u00e1ver se encontraban dos menores de edad, presuntamente hijos de la v\u00edctima, por lo que se solicitaba tambi\u00e9n el apoyo de personal especializado para su atenci\u00f3n.  <\/p>\n\n\n\n<p> <\/p>\n\n\n\n<figure class=\"wp-block-embed-twitter wp-block-embed is-type-rich is-provider-twitter\"><div class=\"wp-block-embed__wrapper\">\n<div class=\"twitter-tweet\"><blockquote class=\"twitter-tweet\" data-lang=\"es\"><p lang=\"es\" dir=\"ltr\"><a href=\"https:\/\/twitter.com\/hashtag\/OaxacaRojo?src=hash&amp;ref_src=twsrc%5Etfw\">#OaxacaRojo<\/a><br>Grave, extremadamente grave la situaci\u00f3n de violencia contra la mujer en <a href=\"https:\/\/twitter.com\/hashtag\/Oaxaca?src=hash&amp;ref_src=twsrc%5Etfw\">#Oaxaca<\/a>. En v\u00edspera de un a\u00f1o de la Alerta de G\u00e9nero, mataron a balazos a Cristina en un camino de terracer\u00eda, cuando llevaba a sus hijos a la escuela. <a href=\"https:\/\/twitter.com\/OCNF?ref_src=twsrc%5Etfw\">@OCNF<\/a> <a href=\"https:\/\/twitter.com\/CONAVIM_MX?ref_src=twsrc%5Etfw\">@CONAVIM_MX<\/a> <a href=\"https:\/\/twitter.com\/consorciooaxaca?ref_src=twsrc%5Etfw\">@consorciooaxaca<\/a> <a href=\"https:\/\/t.co\/n5JK0A1Idx\">pic.twitter.com\/n5JK0A1Idx<\/a><\/p>&mdash; Zona Roja Oaxaca (@MexRoja) <a href=\"https:\/\/twitter.com\/MexRoja\/status\/1167126903968256000?ref_src=twsrc%5Etfw\">29 de agosto de 2019<\/a><\/blockquote><\/div>\n<\/div><\/figure>\n\n\n\n<p>El asesinato de Cristina se convierte en el n\u00famero 123 en la entidad oaxaque\u00f1a, tras haberse declarado la Alerta de Violencia de G\u00e9nero, y en el n\u00famero 338 en lo que va de la administraci\u00f3n de Alejandro Murat Hinojosa, de acuerdo con datos de la organizaci\u00f3n civil Consorcio Oaxaca.<\/p>\n\n\n\n<p>Debido al incremento de casos, la falta de atenci\u00f3n y reconocimiento de las autoridades estatales sobre la problem\u00e1tica, diversas organizaciones civiles han hecho un llamado a la sociedad en general para pronunciarse en contra de la violencia de g\u00e9nero y feminicida.&nbsp;<\/p>\n\n\n\n<p>Lo anterior mediante un&nbsp;acto simb\u00f3lico denominado \u201cPor la Vida y la Justicia de las Mujeres\u201d, que se llevar\u00e1 a cabo&nbsp;<a href=\"\/\/3\">este viernes 30 de agosto a las 12 horas<\/a>&nbsp;en el andador tur\u00edstico, frente al templo de Santo Domingo, con la intenci\u00f3n de dimensionar el impacto de la violencia feminicida en la vida de las mujeres desde la emisi\u00f3n de la Alerta de Violencia de G\u00e9nero en Oaxaca.<\/p>\n\n\n\n<p><br>\u201cLas mujeres aportamos mucho a esta sociedad, pero las violencias que vivimos cada vez son m\u00e1s graves, por eso les convocamos a sumar fuerzas para que todas la personas nos unamos por la vida y la justicia de las mujeres oaxaque\u00f1as\u201d, refiere la invitaci\u00f3n que difunden en las redes sociales y los medios de comunicaci\u00f3n.&nbsp;&nbsp;<br class=\"Apple-interchange-newline\"><\/p>\n\n\n\n<p><\/p>\n","protected":false},"excerpt":{"rendered":"<p>Evlin Arag\u00f3n\/Zona Roja. Cuil\u00e1pam de Guerrero, Oax.- En v\u00edsperas que se cumpla un a\u00f1o de&hellip;<\/p>\n","protected":false},"author":2,"featured_media":3499,"comment_status":"closed","ping_status":"open","sticky":false,"template":"","format":"standard","meta":{"_lmt_disableupdate":"","_lmt_disable":"","_jetpack_memberships_contains_paid_content":false,"footnotes":""},"categories":[109,51],"tags":[610],"class_list":["post-3500","post","type-post","status-publish","format-standard","has-post-thumbnail","hentry","category-minuto-a-minuto","category-zona-roja","tag-feminicidios-oaxaca"],"jetpack_featured_media_url":"https:\/\/zonaroja.com.mx\/wp-content\/uploads\/2019\/08\/ezy-watermark_29-08-2019_01-36-14p.-m..jpg","jetpack_sharing_enabled":true,"_links":{"self":[{"href":"https:\/\/zonaroja.com.mx\/index.php?rest_route=\/wp\/v2\/posts\/3500","targetHints":{"allow":["GET"]}}],"collection":[{"href":"https:\/\/zonaroja.com.mx\/index.php?rest_route=\/wp\/v2\/posts"}],"about":[{"href":"https:\/\/zonaroja.com.mx\/index.php?rest_route=\/wp\/v2\/types\/post"}],"author":[{"embeddable":true,"href":"https:\/\/zonaroja.com.mx\/index.php?rest_route=\/wp\/v2\/users\/2"}],"replies":[{"embeddable":true,"href":"https:\/\/zonaroja.com.mx\/index.php?rest_route=%2Fwp%2Fv2%2Fcomments&post=3500"}],"version-history":[{"count":2,"href":"https:\/\/zonaroja.com.mx\/index.php?rest_route=\/wp\/v2\/posts\/3500\/revisions"}],"predecessor-version":[{"id":3505,"href":"https:\/\/zonaroja.com.mx\/index.php?rest_route=\/wp\/v2\/posts\/3500\/revisions\/3505"}],"wp:featuredmedia":[{"embeddable":true,"href":"https:\/\/zonaroja.com.mx\/index.php?rest_route=\/wp\/v2\/media\/3499"}],"wp:attachment":[{"href":"https:\/\/zonaroja.com.mx\/index.php?rest_route=%2Fwp%2Fv2%2Fmedia&parent=3500"}],"wp:term":[{"taxonomy":"category","embeddable":true,"href":"https:\/\/zonaroja.com.mx\/index.php?rest_route=%2Fwp%2Fv2%2Fcategories&post=3500"},{"taxonomy":"post_tag","embeddable":true,"href":"https:\/\/zonaroja.com.mx\/index.php?rest_route=%2Fwp%2Fv2%2Ftags&post=3500"}],"curies":[{"name":"wp","href":"https:\/\/api.w.org\/{rel}","templated":true}]}}