{"id":35004,"date":"2021-12-04T07:02:18","date_gmt":"2021-12-04T13:02:18","guid":{"rendered":"http:\/\/www.zonaroja.com.mx\/?p=35004"},"modified":"2021-12-04T07:02:21","modified_gmt":"2021-12-04T13:02:21","slug":"asegura-la-sspo-que-del-2014-al-2020-disminuyen-robos-y-asaltos-en-un-28","status":"publish","type":"post","link":"https:\/\/zonaroja.com.mx\/?p=35004","title":{"rendered":"Asegura la SSPO que del 2014 al 2020 disminuyen robos y asaltos en un 28 %"},"content":{"rendered":"\n<p>Redacci\u00f3n\/Zona Roja.<\/p>\n\n\n\n<p>Oaxaca de Ju\u00e1rez, Oax., 4 de diciembre de 2021.- La Secretar\u00eda de Seguridad P\u00fablica de Oaxaca (SSPO) informa que, del 2014 a 2020, en Oaxaca disminuy\u00f3 la tasa de prevalencia delictiva por cada 100 mil habitantes.<\/p>\n\n\n\n<p>Es importante precisar que, en 2014 la entidad oaxaque\u00f1a registr\u00f3 cinco mil 646 delitos en el rubro de robos o asalto en calles o transporte p\u00fablico, mientras que en 2020, acumul\u00f3 un total de cuatro mil 72, teniendo una disminuci\u00f3n del 28% en comparaci\u00f3n a los a\u00f1os anteriores.<\/p>\n\n\n\n<p>Lo mismo ocurri\u00f3 con el delito de extorsi\u00f3n, que reflej\u00f3 una disminuci\u00f3n considerable del 8.5%; el delito de robo parcial o total de veh\u00edculo redujo un 6.22% y, finalmente el delito calificado como robo a casa habitaci\u00f3n un 19.37%.<\/p>\n\n\n\n<p>Asimismo, y de acuerdo a los datos presentados por el Secretariado Ejecutivo del Sistema Nacional de Seguridad P\u00fablica (SESNSP), el estado de Oaxaca se encuentra por debajo de la media nacional, en relaci\u00f3n a la incidencia delictiva por cada 100 habitantes, ubic\u00e1ndose en la posici\u00f3n n\u00famero 24 a nivel nacional.<\/p>\n\n\n\n<p>Es as\u00ed como, el Gobierno del Estado que encabeza el gobernador, Alejandro Murat Hinojosa, da resultados positivos en materia de seguridad, gracias a la estrecha coordinaci\u00f3n que se mantiene entre las instancias de seguridad p\u00fablica de los tres \u00f3rdenes de gobierno.<\/p>\n\n\n\n<p>(Comunicado)<\/p>\n","protected":false},"excerpt":{"rendered":"<p>Redacci\u00f3n\/Zona Roja. Oaxaca de Ju\u00e1rez, Oax., 4 de diciembre de 2021.- La Secretar\u00eda de Seguridad&hellip;<\/p>\n","protected":false},"author":2,"featured_media":35003,"comment_status":"closed","ping_status":"open","sticky":false,"template":"","format":"standard","meta":{"_lmt_disableupdate":"","_lmt_disable":"","_jetpack_memberships_contains_paid_content":false,"footnotes":""},"categories":[109,46],"tags":[1421],"class_list":["post-35004","post","type-post","status-publish","format-standard","has-post-thumbnail","hentry","category-minuto-a-minuto","category-zona-blanca","tag-secretaria-de-seguridad-publica-de-oaxaca-sspo"],"jetpack_featured_media_url":"https:\/\/zonaroja.com.mx\/wp-content\/uploads\/2021\/12\/SSPO-5.jpeg","jetpack_sharing_enabled":true,"_links":{"self":[{"href":"https:\/\/zonaroja.com.mx\/index.php?rest_route=\/wp\/v2\/posts\/35004","targetHints":{"allow":["GET"]}}],"collection":[{"href":"https:\/\/zonaroja.com.mx\/index.php?rest_route=\/wp\/v2\/posts"}],"about":[{"href":"https:\/\/zonaroja.com.mx\/index.php?rest_route=\/wp\/v2\/types\/post"}],"author":[{"embeddable":true,"href":"https:\/\/zonaroja.com.mx\/index.php?rest_route=\/wp\/v2\/users\/2"}],"replies":[{"embeddable":true,"href":"https:\/\/zonaroja.com.mx\/index.php?rest_route=%2Fwp%2Fv2%2Fcomments&post=35004"}],"version-history":[{"count":1,"href":"https:\/\/zonaroja.com.mx\/index.php?rest_route=\/wp\/v2\/posts\/35004\/revisions"}],"predecessor-version":[{"id":35005,"href":"https:\/\/zonaroja.com.mx\/index.php?rest_route=\/wp\/v2\/posts\/35004\/revisions\/35005"}],"wp:featuredmedia":[{"embeddable":true,"href":"https:\/\/zonaroja.com.mx\/index.php?rest_route=\/wp\/v2\/media\/35003"}],"wp:attachment":[{"href":"https:\/\/zonaroja.com.mx\/index.php?rest_route=%2Fwp%2Fv2%2Fmedia&parent=35004"}],"wp:term":[{"taxonomy":"category","embeddable":true,"href":"https:\/\/zonaroja.com.mx\/index.php?rest_route=%2Fwp%2Fv2%2Fcategories&post=35004"},{"taxonomy":"post_tag","embeddable":true,"href":"https:\/\/zonaroja.com.mx\/index.php?rest_route=%2Fwp%2Fv2%2Ftags&post=35004"}],"curies":[{"name":"wp","href":"https:\/\/api.w.org\/{rel}","templated":true}]}}