{"id":35008,"date":"2021-12-04T07:33:39","date_gmt":"2021-12-04T13:33:39","guid":{"rendered":"http:\/\/www.zonaroja.com.mx\/?p=35008"},"modified":"2021-12-04T07:33:43","modified_gmt":"2021-12-04T13:33:43","slug":"publica-la-uabjo-libro-sobre-el-covid-19-y-su-impacto-en-educacion-y-derechos","status":"publish","type":"post","link":"https:\/\/zonaroja.com.mx\/?p=35008","title":{"rendered":"Publica la UABJO libro sobre el Covid-19 y su impacto en educaci\u00f3n y derechos"},"content":{"rendered":"\n<p>Redacci\u00f3n\/Zona Roja.<\/p>\n\n\n\n<p>Oaxaca de Ju\u00e1rez, Oax., 4 de diciembre de 2021.- Autoridades acad\u00e9micas de la Universidad Aut\u00f3noma \u201cBenito Ju\u00e1rez\u201d de Oaxaca (UABJO), en coordinaci\u00f3n con la Fundaci\u00f3n \u201cMaestro Nah\u00fam Carre\u00f1o V\u00e1squez\u201d, presentaron el libro digital \u00abReflexiones interdisciplinarias sobre el impacto de la contingencia sanitaria por Covid-19: estrategias de acci\u00f3n desde la perspectiva de los derechos humanos y la educaci\u00f3n\u00bb.<\/p>\n\n\n\n<p>La publicaci\u00f3n es producto de las conferencias impartidas en la pasada Semana Acad\u00e9mica, Cultural y Deportiva, en conmemoraci\u00f3n del XXVI aniversario luctuoso del maestro Nah\u00fam Carre\u00f1o, un trabajo coordinado por la secretaria General de la UABJO, Leticia Mendoza Toro, y la investigadora Nivel 1 del Sistema Nacional de Investigadores (SNI), Liliana C\u00e1rdenas Morales.<\/p>\n\n\n\n<p>Este acto acad\u00e9mico fue constatado por el rector de la m\u00e1xima casa de estudios, Eduardo Bautista Mart\u00ednez, quien reconoci\u00f3 el esfuerzo compartido, para hacer posible la publicaci\u00f3n de la primera edici\u00f3n de la obra, que reafirma la riqueza editorial y acad\u00e9mica institucional, a\u00fan en circunstancias de pandemia.<\/p>\n\n\n\n<p>\u201cLos textos vertidos aqu\u00ed ejemplifican las posibilidades que tenemos para reorganizarnos, hacer valer los derechos humanos y educarnos en el constructivismo. Nos convoca a comprendernos a partir del di\u00e1logo civilizado, el respeto, la cooperaci\u00f3n y la solidaridad\u201d, agreg\u00f3.<\/p>\n\n\n\n<p>Al igual, celebr\u00f3 los comentarios emitidos por Leticia Brise\u00f1o Maas, coordinadora del Doctorado en Educaci\u00f3n, Arte y Cultura del Instituto en Ciencias de la Educaci\u00f3n (ICE) y la investigadora de la Facultad de Arquitectura C.U (FACU), Gloria Guadalupe Lambarria Gopar, ya que dan cuenta de los aportes de las mujeres a partir de la generaci\u00f3n y aplicaci\u00f3n de conocimientos.<\/p>\n\n\n\n<p>En su participaci\u00f3n, Brise\u00f1o Maas, mencion\u00f3 que este trabajo habla de los debates necesarios, expone la crisis y las estrategias realizadas para administrar la justicia, difundir las vivencias de las mujeres durante el confinamiento o el limitado acceso a las tecnolog\u00edas de la informaci\u00f3n\u201d.<\/p>\n\n\n\n<p>Finalmente, la secretaria General agradeci\u00f3 la asistencia de las diversas autoridades universitarias que se dieron cita, porque esto permite construir puentes con las diversas expresiones pol\u00edticas en la m\u00e1xima casa de estudios, e hizo un llamado a no generar acciones de desestabilizaci\u00f3n sino realizar un trabajo conjunto en favor de la comunidad estudiantil.<\/p>\n","protected":false},"excerpt":{"rendered":"<p>Redacci\u00f3n\/Zona Roja. Oaxaca de Ju\u00e1rez, Oax., 4 de diciembre de 2021.- Autoridades acad\u00e9micas de la&hellip;<\/p>\n","protected":false},"author":2,"featured_media":35009,"comment_status":"closed","ping_status":"open","sticky":false,"template":"","format":"standard","meta":{"_lmt_disableupdate":"","_lmt_disable":"","_jetpack_memberships_contains_paid_content":false,"footnotes":""},"categories":[109,46],"tags":[360],"class_list":["post-35008","post","type-post","status-publish","format-standard","has-post-thumbnail","hentry","category-minuto-a-minuto","category-zona-blanca","tag-rector-eduardo-bautista-martinez"],"jetpack_featured_media_url":"https:\/\/zonaroja.com.mx\/wp-content\/uploads\/2021\/12\/3-1.jpg","jetpack_sharing_enabled":true,"_links":{"self":[{"href":"https:\/\/zonaroja.com.mx\/index.php?rest_route=\/wp\/v2\/posts\/35008","targetHints":{"allow":["GET"]}}],"collection":[{"href":"https:\/\/zonaroja.com.mx\/index.php?rest_route=\/wp\/v2\/posts"}],"about":[{"href":"https:\/\/zonaroja.com.mx\/index.php?rest_route=\/wp\/v2\/types\/post"}],"author":[{"embeddable":true,"href":"https:\/\/zonaroja.com.mx\/index.php?rest_route=\/wp\/v2\/users\/2"}],"replies":[{"embeddable":true,"href":"https:\/\/zonaroja.com.mx\/index.php?rest_route=%2Fwp%2Fv2%2Fcomments&post=35008"}],"version-history":[{"count":1,"href":"https:\/\/zonaroja.com.mx\/index.php?rest_route=\/wp\/v2\/posts\/35008\/revisions"}],"predecessor-version":[{"id":35010,"href":"https:\/\/zonaroja.com.mx\/index.php?rest_route=\/wp\/v2\/posts\/35008\/revisions\/35010"}],"wp:featuredmedia":[{"embeddable":true,"href":"https:\/\/zonaroja.com.mx\/index.php?rest_route=\/wp\/v2\/media\/35009"}],"wp:attachment":[{"href":"https:\/\/zonaroja.com.mx\/index.php?rest_route=%2Fwp%2Fv2%2Fmedia&parent=35008"}],"wp:term":[{"taxonomy":"category","embeddable":true,"href":"https:\/\/zonaroja.com.mx\/index.php?rest_route=%2Fwp%2Fv2%2Fcategories&post=35008"},{"taxonomy":"post_tag","embeddable":true,"href":"https:\/\/zonaroja.com.mx\/index.php?rest_route=%2Fwp%2Fv2%2Ftags&post=35008"}],"curies":[{"name":"wp","href":"https:\/\/api.w.org\/{rel}","templated":true}]}}