{"id":35014,"date":"2021-12-04T07:45:05","date_gmt":"2021-12-04T13:45:05","guid":{"rendered":"http:\/\/www.zonaroja.com.mx\/?p=35014"},"modified":"2021-12-04T07:45:09","modified_gmt":"2021-12-04T13:45:09","slug":"ante-llegada-de-omicron-la-oms-pide-no-bajar-la-guardia","status":"publish","type":"post","link":"https:\/\/zonaroja.com.mx\/?p=35014","title":{"rendered":"Ante llegada de \u201c\u00d3micron\u201d, la OMS pide no bajar la guardia"},"content":{"rendered":"\n<p>Redacci\u00f3n\/Zona Roja Cdmx.<\/p>\n\n\n\n<p>Ciudad de M\u00e9xico, 4 de diciembre de 2021.- Jean-Marc Gabastou, asesor de emergencia en salud de la Organizaci\u00f3n Panamericana de la Salud (OPS) y la Organizaci\u00f3n Mundial de la Salud (OMS), hizo un llamado a M\u00e9xico para prepararse ante el repunte de casos de Covid-19 en la temporada de invierno y la inminente llegada de la variante \u201c\u00d3micron\u201d.<\/p>\n\n\n\n<p>\u201cNos tenemos que preparar de manera inminente y acabamos de recibir la informaci\u00f3n del doctor L\u00f3pez-Gatell, de la confirmaci\u00f3n del primer caso de \u2018\u00d3micron\u2019 en el pa\u00eds\u201d, expres\u00f3.<\/p>\n\n\n\n<p>Al participar en la presentaci\u00f3n del n\u00famero especial de la revista de Salud P\u00fablica de M\u00e9xico sobre la Ensanut 2020 covid-19, el representante de la Organizaci\u00f3n Panamericana de la Salud, advirti\u00f3 que el pa\u00eds podr\u00eda repetir el aumento de contagios y defunciones por covid-19 del a\u00f1o pasado durante diciembre-enero, al haber relajado las medidas de sana distancia.<\/p>\n\n\n\n<p>\u201cEmpezamos con un aumento de casos, que est\u00e1n asociados a la situaci\u00f3n nuevamente de viajes de invierno que se nos acerca, pero tambi\u00e9n a cierto nivel de aflojamiento de las medidas preventivas no farmacol\u00f3gicas\u201d, agreg\u00f3.<\/p>\n\n\n\n<p>\u201cOjo con los testigos de mes de diciembre, ya tenemos el antecedente del a\u00f1o pasado con un aumento brutal de casos y defunciones entre diciembre y enero, por lo tanto, las condiciones est\u00e1n reunidas para que nuevamente, y a pesar de la cobertura vacunal, tengamos que tomar precauciones\u201d, declar\u00f3.<\/p>\n\n\n\n<p>Jean-Marc se\u00f1al\u00f3 que no es posible a\u00fan determinar la prevalencia de la nueva variante \u201c\u00d3micron\u201d en M\u00e9xico, sin embargo, destac\u00f3 que hay elementos que indican a la comunidad cient\u00edfica que s\u00ed es una cepa que es m\u00e1s transmisible que la original y ya est\u00e1 presente en 27 pa\u00edses de los cinco continentes.<\/p>\n\n\n\n<p>\u201cUna de las cuestiones es \u00bfvamos a desplazar con esta variante a la delta que cubre pr\u00e1cticamente a todo el pa\u00eds? Eso todav\u00eda no lo sabemos, pero observamos que r\u00e1pidamente la variante ha sido importada en 27 pa\u00edses\u201d, se\u00f1al\u00f3.<\/p>\n\n\n\n<p>El especialista sugiri\u00f3 implementar medidas para evitar la transmisi\u00f3n de la variante \u201c\u00d3micron\u201d y las otras cuatro del coronavirus, que circulan en el pa\u00eds (y el mundo).<\/p>\n\n\n\n<p>Adem\u00e1s de reforzar la vigilancia epidemiol\u00f3gica y de laboratorio, limitar los viajes no esenciales, reactivar las medidas preventivas no farmacol\u00f3gicas (uso de cubrebocas, lavado de manos constante, sana distancia) fomentar la vacunaci\u00f3n y la investigaci\u00f3n de brotes, as\u00ed como rastreo de contactos.<\/p>\n\n\n\n<p>(Informaci\u00f3n del diario \u00abExc\u00e9lsior\u00bb)<\/p>\n","protected":false},"excerpt":{"rendered":"<p>Redacci\u00f3n\/Zona Roja Cdmx. Ciudad de M\u00e9xico, 4 de diciembre de 2021.- Jean-Marc Gabastou, asesor de&hellip;<\/p>\n","protected":false},"author":2,"featured_media":35002,"comment_status":"closed","ping_status":"open","sticky":false,"template":"","format":"standard","meta":{"_lmt_disableupdate":"","_lmt_disable":"","_jetpack_memberships_contains_paid_content":false,"footnotes":""},"categories":[109,47],"tags":[2956],"class_list":["post-35014","post","type-post","status-publish","format-standard","has-post-thumbnail","hentry","category-minuto-a-minuto","category-zona-gris","tag-variante-covid-omicron"],"jetpack_featured_media_url":"https:\/\/zonaroja.com.mx\/wp-content\/uploads\/2021\/12\/Covid-Omnicron-coronavirus.jpg","jetpack_sharing_enabled":true,"_links":{"self":[{"href":"https:\/\/zonaroja.com.mx\/index.php?rest_route=\/wp\/v2\/posts\/35014","targetHints":{"allow":["GET"]}}],"collection":[{"href":"https:\/\/zonaroja.com.mx\/index.php?rest_route=\/wp\/v2\/posts"}],"about":[{"href":"https:\/\/zonaroja.com.mx\/index.php?rest_route=\/wp\/v2\/types\/post"}],"author":[{"embeddable":true,"href":"https:\/\/zonaroja.com.mx\/index.php?rest_route=\/wp\/v2\/users\/2"}],"replies":[{"embeddable":true,"href":"https:\/\/zonaroja.com.mx\/index.php?rest_route=%2Fwp%2Fv2%2Fcomments&post=35014"}],"version-history":[{"count":1,"href":"https:\/\/zonaroja.com.mx\/index.php?rest_route=\/wp\/v2\/posts\/35014\/revisions"}],"predecessor-version":[{"id":35015,"href":"https:\/\/zonaroja.com.mx\/index.php?rest_route=\/wp\/v2\/posts\/35014\/revisions\/35015"}],"wp:featuredmedia":[{"embeddable":true,"href":"https:\/\/zonaroja.com.mx\/index.php?rest_route=\/wp\/v2\/media\/35002"}],"wp:attachment":[{"href":"https:\/\/zonaroja.com.mx\/index.php?rest_route=%2Fwp%2Fv2%2Fmedia&parent=35014"}],"wp:term":[{"taxonomy":"category","embeddable":true,"href":"https:\/\/zonaroja.com.mx\/index.php?rest_route=%2Fwp%2Fv2%2Fcategories&post=35014"},{"taxonomy":"post_tag","embeddable":true,"href":"https:\/\/zonaroja.com.mx\/index.php?rest_route=%2Fwp%2Fv2%2Ftags&post=35014"}],"curies":[{"name":"wp","href":"https:\/\/api.w.org\/{rel}","templated":true}]}}