{"id":35019,"date":"2021-12-04T19:08:48","date_gmt":"2021-12-05T01:08:48","guid":{"rendered":"http:\/\/www.zonaroja.com.mx\/?p=35019"},"modified":"2021-12-04T19:08:51","modified_gmt":"2021-12-05T01:08:51","slug":"registra-derechos-humanos-de-oaxaca-69-casos-de-tortura-en-dos-anos-y-medio","status":"publish","type":"post","link":"https:\/\/zonaroja.com.mx\/?p=35019","title":{"rendered":"Registra Derechos Humanos de Oaxaca 69 casos de tortura en dos a\u00f1os y medio"},"content":{"rendered":"\n<p>Redacci\u00f3n\/Zona Roja.<\/p>\n\n\n\n<p>Oaxaca de Ju\u00e1rez, Oax., 4 de diciembre de 2021.- De enero de 2019 al primer semestre del 2021, la Defensor\u00eda de los Derechos Humanos del Pueblo de Oaxaca cuenta con 69 expedientes relativos a casos de tortura.<\/p>\n\n\n\n<p>Son los ayuntamientos, la Secretar\u00eda de Seguridad P\u00fablica, la Fiscal\u00eda General del Estado y el Instituto Estatal de Educaci\u00f3n P\u00fablica, las autoridades m\u00e1s se\u00f1aladas, indic\u00f3 el organismo.<\/p>\n\n\n\n<p>En un comunicado, inform\u00f3 que al participar en la clausura del curso \u00abDocumentaci\u00f3n e investigaci\u00f3n de tortura y\/o tratos crueles inhumanos y\/o degradantes, aplicaci\u00f3n de los principios y directrices del Protocolo de Estambul\u201d, impartido por el Mecanismo Nacional de Prevenci\u00f3n de la Tortura (MNPT) de la Comisi\u00f3n Nacional de Derechos Humanos (CNDH), el ombudsperson Bernardo Rodr\u00edguez Alamilla se\u00f1al\u00f3 que la tortura vulnera gravemente la dignidad y los derechos humanos de las personas.<\/p>\n\n\n\n<p>Ante la directora ejecutiva del MNPT, Vilma Ram\u00edrez Santiago; las visitadoras adjuntas de la CNDH, Alma Navarro Flores, Yuritza L\u00f3pez G\u00f3mez y \u00c1ngela&nbsp; Elizabeth Aguilera Hern\u00e1ndez; la coordinadora del Comit\u00e9 de Defensa Integral de Derechos Humanos Gobixha A.C., Sara M\u00e9ndez Morales, la presidenta de la Comisi\u00f3n de Derechos Humanos de la&nbsp; 65 legislatura local, Tania Caballero Navarro, y la defensora de Derechos Humanos Nora Mart\u00ednez L\u00e1zaro; el titular de la DDHPO, se\u00f1al\u00f3 la necesidad de generar herramientas y est\u00e1ndares de investigaci\u00f3n para poderla combatir la tortura.<\/p>\n\n\n\n<p>Expuso que, la Comisi\u00f3n Contra la Tortura y otros Tratos o Penas Crueles Inhumanas o Degradantes define a la \u00abtortura\u00bb como todo acto por el cual se inflige intencionadamente a una persona dolores o sufrimientos graves, ya sean f\u00edsicos o mentales, con el fin de obtener de ella o de un tercero informaci\u00f3n o una confesi\u00f3n, de castigarla por un acto que haya cometido, o se sospeche que ha cometido, o de intimidar o coaccionar a esa persona o a otras, o por cualquier raz\u00f3n basada en cualquier tipo de discriminaci\u00f3n, cuando dichos dolores o sufrimientos sean infligidos por un funcionario p\u00fablico u otra persona en el ejercicio de funciones p\u00fablicas, a instigaci\u00f3n suya, o con su consentimiento o aquiescencia.<\/p>\n\n\n\n<p>Acompa\u00f1ado tambi\u00e9n por el coordinador del Centro de Investigaciones Jur\u00eddicas de la Universidad Aut\u00f3noma \u201cBenito Ju\u00e1rez\u201d de Oaxaca, Laureano Mart\u00ednez Mart\u00ednez; el vicefiscal general, Alejandro Alfonso Ram\u00edrez Hern\u00e1ndez; la directora de derechos humanos del Consejo de la Judicatura del Poder Judicial del estado, Nidia Soledad Mart\u00ednez Esteva, Rodr\u00edguez Alamilla resalt\u00f3 la importancia de esta actividad.<\/p>\n\n\n\n<p>Y afirm\u00f3 que \u201cla tortura no solo se da en espacios p\u00fablicos, sino en todos lados\u201d. Ejemplific\u00f3 que la DDHPO ha documentado ocho casos de tortura en diversos centros de rehabilitaci\u00f3n en los \u00faltimos dos a\u00f1os.<\/p>\n","protected":false},"excerpt":{"rendered":"<p>Redacci\u00f3n\/Zona Roja. Oaxaca de Ju\u00e1rez, Oax., 4 de diciembre de 2021.- De enero de 2019&hellip;<\/p>\n","protected":false},"author":2,"featured_media":35024,"comment_status":"closed","ping_status":"open","sticky":false,"template":"","format":"standard","meta":{"_lmt_disableupdate":"","_lmt_disable":"","_jetpack_memberships_contains_paid_content":false,"footnotes":""},"categories":[109,47],"tags":[286],"class_list":["post-35019","post","type-post","status-publish","format-standard","has-post-thumbnail","hentry","category-minuto-a-minuto","category-zona-gris","tag-defensoria-de-los-derechos-humanos-del-pueblo-de-oaxaca"],"jetpack_featured_media_url":"https:\/\/zonaroja.com.mx\/wp-content\/uploads\/2021\/12\/4-diciembre-Vulnera-tortura-gravemente-los-derechos-humanos-3.jpg","jetpack_sharing_enabled":true,"_links":{"self":[{"href":"https:\/\/zonaroja.com.mx\/index.php?rest_route=\/wp\/v2\/posts\/35019","targetHints":{"allow":["GET"]}}],"collection":[{"href":"https:\/\/zonaroja.com.mx\/index.php?rest_route=\/wp\/v2\/posts"}],"about":[{"href":"https:\/\/zonaroja.com.mx\/index.php?rest_route=\/wp\/v2\/types\/post"}],"author":[{"embeddable":true,"href":"https:\/\/zonaroja.com.mx\/index.php?rest_route=\/wp\/v2\/users\/2"}],"replies":[{"embeddable":true,"href":"https:\/\/zonaroja.com.mx\/index.php?rest_route=%2Fwp%2Fv2%2Fcomments&post=35019"}],"version-history":[{"count":1,"href":"https:\/\/zonaroja.com.mx\/index.php?rest_route=\/wp\/v2\/posts\/35019\/revisions"}],"predecessor-version":[{"id":35025,"href":"https:\/\/zonaroja.com.mx\/index.php?rest_route=\/wp\/v2\/posts\/35019\/revisions\/35025"}],"wp:featuredmedia":[{"embeddable":true,"href":"https:\/\/zonaroja.com.mx\/index.php?rest_route=\/wp\/v2\/media\/35024"}],"wp:attachment":[{"href":"https:\/\/zonaroja.com.mx\/index.php?rest_route=%2Fwp%2Fv2%2Fmedia&parent=35019"}],"wp:term":[{"taxonomy":"category","embeddable":true,"href":"https:\/\/zonaroja.com.mx\/index.php?rest_route=%2Fwp%2Fv2%2Fcategories&post=35019"},{"taxonomy":"post_tag","embeddable":true,"href":"https:\/\/zonaroja.com.mx\/index.php?rest_route=%2Fwp%2Fv2%2Ftags&post=35019"}],"curies":[{"name":"wp","href":"https:\/\/api.w.org\/{rel}","templated":true}]}}