{"id":35021,"date":"2021-12-04T15:30:17","date_gmt":"2021-12-04T21:30:17","guid":{"rendered":"https:\/\/www.zonaroja.com.mx\/?p=35021"},"modified":"2021-12-04T16:48:06","modified_gmt":"2021-12-04T22:48:06","slug":"detienen-a-general-militar-ex-comandante-de-la-viii-region-militar-por-extorsiones","status":"publish","type":"post","link":"https:\/\/zonaroja.com.mx\/?p=35021","title":{"rendered":"Detienen a general militar, ex comandante de la VIII Regi\u00f3n Militar, por extorsiones"},"content":{"rendered":"\n<p>Redacci\u00f3n\/AM\/PM Oaxaca. <\/p>\n\n\n\n<p>Oaxaca de Ju\u00e1rez, Oax., 4de diciembre de 2021.- Juan Ernesto Antonio B. R., General de Divisi\u00f3n D.E.M. retirado, involucrado en un caso de extorsi\u00f3n telef\u00f3nica en los Valles Centrales de Oaxaca, fue vinculado a proceso penal junto con otro c\u00f3mplice; ambos capturados en Naucalpan, Estado de M\u00e9xico.<\/p>\n\n\n\n<p>La Fiscal\u00eda General del Estado de Oaxaca dio a conocer ayer que, se obtuvo auto de vinculaci\u00f3n a proceso contra las personas identificadas como J. E. A. B. R. (Juan Ernesto Antonio B. R.) y M. C. B. R., probables responsables del delito de extorsi\u00f3n telef\u00f3nica en agravio de E. G. A., cometido en Oaxaca de Ju\u00e1rez.<\/p>\n\n\n\n<p>En la carpeta de investigaci\u00f3n 30624\/FDAI\/UECS\/2021, se precisa que, entre los d\u00edas 16 y 17 de julio de 2020, la v\u00edctima fue extorsionada v\u00eda telef\u00f3nica por personas desconocidas, quienes a trav\u00e9s de esta v\u00eda exig\u00edan entregar una fuerte suma de dinero a cambio de no atentar contra su integridad y la de su familia.<\/p>\n\n\n\n<p>Posteriormente, en la madrugada del 18 de julio de 2020, la v\u00edctima realiz\u00f3 la entrega de dinero a los probables extorsionadores.<\/p>\n\n\n\n<p>Ante estos hechos y tras la denuncia presentada, la instituci\u00f3n de procuraci\u00f3n de justicia atrajo la investigaci\u00f3n -a trav\u00e9s de la Fiscal\u00eda Especializada en Atenci\u00f3n a Delitos de Alto Impacto-, logrando la aprehensi\u00f3n de los probables responsables el pasado 1 de diciembre de 2021, en la Ciudad de M\u00e9xico, en coordinaci\u00f3n con la FGJEM.<\/p>\n\n\n\n<p>En audiencia y luego de validar los datos de prueba proporcionados por la FGEO, el Juez en turno determin\u00f3 vincular a proceso a J. E. A. B. R. y M. C. B. R., imponiendo la medida cautelar de prisi\u00f3n preventiva justificada y otorgando cinco meses para el cierre de investigaci\u00f3n complementaria.<\/p>\n\n\n\n<p>El aprehendido fue comandante de la VIII Regi\u00f3n Militar, con sede en Oaxaca, cuando Gabino Cu\u00e9 Monteagudo fue gobernador. <\/p>\n","protected":false},"excerpt":{"rendered":"<p>Redacci\u00f3n\/AM\/PM Oaxaca. Oaxaca de Ju\u00e1rez, Oax., 4de diciembre de 2021.- Juan Ernesto Antonio B. R.,&hellip;<\/p>\n","protected":false},"author":2,"featured_media":35020,"comment_status":"closed","ping_status":"open","sticky":false,"template":"","format":"standard","meta":{"_lmt_disableupdate":"","_lmt_disable":"","_jetpack_memberships_contains_paid_content":false,"footnotes":""},"categories":[109,47],"tags":[],"class_list":["post-35021","post","type-post","status-publish","format-standard","has-post-thumbnail","hentry","category-minuto-a-minuto","category-zona-gris"],"jetpack_featured_media_url":"https:\/\/zonaroja.com.mx\/wp-content\/uploads\/2021\/12\/img_1174.jpg","jetpack_sharing_enabled":true,"_links":{"self":[{"href":"https:\/\/zonaroja.com.mx\/index.php?rest_route=\/wp\/v2\/posts\/35021","targetHints":{"allow":["GET"]}}],"collection":[{"href":"https:\/\/zonaroja.com.mx\/index.php?rest_route=\/wp\/v2\/posts"}],"about":[{"href":"https:\/\/zonaroja.com.mx\/index.php?rest_route=\/wp\/v2\/types\/post"}],"author":[{"embeddable":true,"href":"https:\/\/zonaroja.com.mx\/index.php?rest_route=\/wp\/v2\/users\/2"}],"replies":[{"embeddable":true,"href":"https:\/\/zonaroja.com.mx\/index.php?rest_route=%2Fwp%2Fv2%2Fcomments&post=35021"}],"version-history":[{"count":2,"href":"https:\/\/zonaroja.com.mx\/index.php?rest_route=\/wp\/v2\/posts\/35021\/revisions"}],"predecessor-version":[{"id":35023,"href":"https:\/\/zonaroja.com.mx\/index.php?rest_route=\/wp\/v2\/posts\/35021\/revisions\/35023"}],"wp:featuredmedia":[{"embeddable":true,"href":"https:\/\/zonaroja.com.mx\/index.php?rest_route=\/wp\/v2\/media\/35020"}],"wp:attachment":[{"href":"https:\/\/zonaroja.com.mx\/index.php?rest_route=%2Fwp%2Fv2%2Fmedia&parent=35021"}],"wp:term":[{"taxonomy":"category","embeddable":true,"href":"https:\/\/zonaroja.com.mx\/index.php?rest_route=%2Fwp%2Fv2%2Fcategories&post=35021"},{"taxonomy":"post_tag","embeddable":true,"href":"https:\/\/zonaroja.com.mx\/index.php?rest_route=%2Fwp%2Fv2%2Ftags&post=35021"}],"curies":[{"name":"wp","href":"https:\/\/api.w.org\/{rel}","templated":true}]}}