{"id":35030,"date":"2021-12-05T06:59:34","date_gmt":"2021-12-05T12:59:34","guid":{"rendered":"http:\/\/www.zonaroja.com.mx\/?p=35030"},"modified":"2021-12-05T06:59:37","modified_gmt":"2021-12-05T12:59:37","slug":"tengo-la-capacidad-de-generar-gobernanza-en-oaxaca-asegura-francisco-villarreal","status":"publish","type":"post","link":"https:\/\/zonaroja.com.mx\/?p=35030","title":{"rendered":"Tengo la capacidad de generar gobernanza en Oaxaca, asegura Francisco Villarreal"},"content":{"rendered":"\n<p>Redacci\u00f3n\/Zona Roja Cdmx.<\/p>\n\n\n\n<p>Ciudad de M\u00e9xico, 5 de diciembre de 2021.- Con miras a las elecciones de 2022, al menos tres funcionarios del Gobierno de Oaxaca han presentado su renuncia al cargo con el fin de buscar la candidatura de su partido, el PRI rumbo a la sucesi\u00f3n del pr\u00f3ximo 5 de junio del 2022.<\/p>\n\n\n\n<p>En entrevista con Mario Maldonado para Noticias de la Ma\u00f1ana en \u00abEl Heraldo TV\u00bb, el extitular del Instituto Estatal de Educaci\u00f3n P\u00fablica de Oaxaca, Francisco Villarreal, explic\u00f3 los motivos que lo llevaron a renunciar a su cargo, as\u00ed como sus propuestas en caso de llegar a ser candidato por la gubernatura.<\/p>\n\n\n\n<p>El exfuncionario de educaci\u00f3n se\u00f1al\u00f3 que tras cuatro a\u00f1os al frente del Instituto Estatal de Educaci\u00f3n P\u00fablica, decidi\u00f3 separarse de su cargo con la finalidad de estar legalmente calificado para participar, primero en el proceso interno de su partido y luego, si es elegido, competir por la gubernatura.<\/p>\n\n\n\n<p>Sobre sus credenciales para ser el pr\u00f3ximo gobernador de la entidad, Francisco Villarreal, expuso los cuatro a\u00f1os de trabajo responsable dentro del Instituto de Educaci\u00f3n, destacando que en ese periodo de tiempo&nbsp; ha salvaguardado el derecho a la educaci\u00f3n de todos los ni\u00f1os y ni\u00f1as de la entidad.<\/p>\n\n\n\n<p>Asimismo destac\u00f3 su labor para generar un ambiente de gobernanza, luego de recibir el cargo del Instituto Estatal de Educaci\u00f3n P\u00fablica de Oaxaca en un marco en el que los maestros protestaban en las calles y las aulas estaban abandonadas.<\/p>\n\n\n\n<p>\u00bfCandidato de otro partido si no es por el PRI?<\/p>\n\n\n\n<p>Cuestionado sobre la situaci\u00f3n de los partidos en la entidad, as\u00ed como sus posibilidades reales de obtener la candidatura, aunado a la posibilidad de encabezar la candidatura de otro partido; Francisco Villarreal fue claro al se\u00f1alar que no niega su or\u00edgenes partidarios, pues coment\u00f3: \u201cno somos chapulineros, somo fieles a principios\u201d, dejando claro que no optara por otro partido.<\/p>\n\n\n\n<p>Pese a ello asegur\u00f3 que tiene una mentalidad abierta para integrar proyecto amplio con diferentes corrientes de pensamiento. \u201cTrabajaremos abiertamente hacia la sociedad oaxaque\u00f1a\u201d, indic\u00f3.<\/p>\n\n\n\n<p>Asegur\u00f3 estar convencido de que una elecci\u00f3n no se gana con colores partidarios, sino con una propuesta social clara, adem\u00e1s de que asegur\u00f3 ira por la construcci\u00f3n de acuerdos y resultados.<\/p>\n\n\n\n<p>Finalmente asegur\u00f3 que brindar\u00e1 una oferta pol\u00edtica clara a los ciudadanos de Oaxaca y est\u00e1 dispuesto a ser respetuoso de los procesos.<\/p>\n\n\n\n<p>(Informaci\u00f3n de \u00abEl Heraldo de M\u00e9xico\u00bb)<\/p>\n","protected":false},"excerpt":{"rendered":"<p>Redacci\u00f3n\/Zona Roja Cdmx. Ciudad de M\u00e9xico, 5 de diciembre de 2021.- Con miras a las&hellip;<\/p>\n","protected":false},"author":2,"featured_media":35031,"comment_status":"closed","ping_status":"open","sticky":false,"template":"","format":"standard","meta":{"_lmt_disableupdate":"","_lmt_disable":"","_jetpack_memberships_contains_paid_content":false,"footnotes":""},"categories":[109,46],"tags":[652],"class_list":["post-35030","post","type-post","status-publish","format-standard","has-post-thumbnail","hentry","category-minuto-a-minuto","category-zona-blanca","tag-francisco-angel-villarreal"],"jetpack_featured_media_url":"https:\/\/zonaroja.com.mx\/wp-content\/uploads\/2021\/12\/Francisco-Angel-V.-2.jpg","jetpack_sharing_enabled":true,"_links":{"self":[{"href":"https:\/\/zonaroja.com.mx\/index.php?rest_route=\/wp\/v2\/posts\/35030","targetHints":{"allow":["GET"]}}],"collection":[{"href":"https:\/\/zonaroja.com.mx\/index.php?rest_route=\/wp\/v2\/posts"}],"about":[{"href":"https:\/\/zonaroja.com.mx\/index.php?rest_route=\/wp\/v2\/types\/post"}],"author":[{"embeddable":true,"href":"https:\/\/zonaroja.com.mx\/index.php?rest_route=\/wp\/v2\/users\/2"}],"replies":[{"embeddable":true,"href":"https:\/\/zonaroja.com.mx\/index.php?rest_route=%2Fwp%2Fv2%2Fcomments&post=35030"}],"version-history":[{"count":1,"href":"https:\/\/zonaroja.com.mx\/index.php?rest_route=\/wp\/v2\/posts\/35030\/revisions"}],"predecessor-version":[{"id":35032,"href":"https:\/\/zonaroja.com.mx\/index.php?rest_route=\/wp\/v2\/posts\/35030\/revisions\/35032"}],"wp:featuredmedia":[{"embeddable":true,"href":"https:\/\/zonaroja.com.mx\/index.php?rest_route=\/wp\/v2\/media\/35031"}],"wp:attachment":[{"href":"https:\/\/zonaroja.com.mx\/index.php?rest_route=%2Fwp%2Fv2%2Fmedia&parent=35030"}],"wp:term":[{"taxonomy":"category","embeddable":true,"href":"https:\/\/zonaroja.com.mx\/index.php?rest_route=%2Fwp%2Fv2%2Fcategories&post=35030"},{"taxonomy":"post_tag","embeddable":true,"href":"https:\/\/zonaroja.com.mx\/index.php?rest_route=%2Fwp%2Fv2%2Ftags&post=35030"}],"curies":[{"name":"wp","href":"https:\/\/api.w.org\/{rel}","templated":true}]}}