{"id":35033,"date":"2021-12-05T07:19:37","date_gmt":"2021-12-05T13:19:37","guid":{"rendered":"http:\/\/www.zonaroja.com.mx\/?p=35033"},"modified":"2021-12-05T07:19:39","modified_gmt":"2021-12-05T13:19:39","slug":"general-militar-detenido-por-extorsion-fue-funcionario-con-amlo","status":"publish","type":"post","link":"https:\/\/zonaroja.com.mx\/?p=35033","title":{"rendered":"General militar detenido por extorsi\u00f3n, fue funcionario con AMLO"},"content":{"rendered":"\n<p>Redacci\u00f3n\/Zona Roja Cdmx.<\/p>\n\n\n\n<p>Ciudad de M\u00e9xico, 5 de diciembre de 2021.- El General de Divisi\u00f3n en retiro, Juan Ernesto A. B., detenido por la Fiscal\u00eda de Oaxaca en el Estado de M\u00e9xico, acusado del delito de extorsi\u00f3n, fue funcionario al inicio del sexenio del Presidente Andr\u00e9s Manuel L\u00f3pez Obrador.<\/p>\n\n\n\n<p>De acuerdo con el diario \u201cReforma\u201d, en el inicio de la actual administraci\u00f3n federal, el mando fue designado Comandante de la VII Regi\u00f3n Militar, asentada en Chiapas, cargo que se extendi\u00f3 hasta 2020.<\/p>\n\n\n\n<p>El divisionario tambi\u00e9n fue integrante del Estado Mayor Presidencial (EMP) y comandante del Primer Cuerpo del Ej\u00e9rcito, as\u00ed como de las Regiones Militares Octava, en Oaxaca, y Tercera, con sede en Sinaloa.<\/p>\n\n\n\n<p>Incluso, estuvo en la baraja para suplir al General Salvador Cienfuegos en la titularidad de la Secretar\u00eda de la Defensa Nacional, no obstante, L\u00f3pez Obrador opt\u00f3 por Luis Sandoval, refiere \u201cReforma\u201d.<\/p>\n\n\n\n<p>El militar en situaci\u00f3n de retiro fue detenido por agentes de la Unidad Especializada en el Combate al Secuestro de la Fiscal\u00eda General de Justicia del Estado de Oaxaca, en coordinaci\u00f3n con ministeriales del Estado de M\u00e9xico.<\/p>\n\n\n\n<p>Esto en cumplimiento a una orden de aprensi\u00f3n con n\u00famero de expediente 01176\/2021 por el delito de extorsi\u00f3n.<\/p>\n\n\n\n<p>El General fue localizado en las inmediaciones del Hospital de Traumatolog\u00eda de Lomas Verdes, en Bosques de Echegaray, en la Alcald\u00eda de Naucalpan.<\/p>\n\n\n\n<p>Juan Ernesto A. B. fue ascendido a General de Divisi\u00f3n en el \u00faltimo a\u00f1o de la administraci\u00f3n de Felipe Calder\u00f3n<\/p>\n\n\n\n<p>En junio de 2018 present\u00f3 su libro \u00abOrden Institucional y Seguridad Nacional\u00bb, refiere la informaci\u00f3n de \u201cReforma\u201d.<\/p>\n\n\n\n<p>Ah\u00ed afirm\u00f3 que el Pa\u00eds atravesaba por un panorama complejo por las amenazas que enfrentaba el Estado mexicano con la delincuencia organizada, el narcotr\u00e1fico y la migraci\u00f3n.<\/p>\n\n\n\n<p>Ante ese escenario, indic\u00f3 que resultaba necesario replantear nuevas estrategias y acciones.<\/p>\n","protected":false},"excerpt":{"rendered":"<p>Redacci\u00f3n\/Zona Roja Cdmx. Ciudad de M\u00e9xico, 5 de diciembre de 2021.- El General de Divisi\u00f3n&hellip;<\/p>\n","protected":false},"author":2,"featured_media":35034,"comment_status":"closed","ping_status":"open","sticky":false,"template":"","format":"standard","meta":{"_lmt_disableupdate":"","_lmt_disable":"","_jetpack_memberships_contains_paid_content":false,"footnotes":""},"categories":[109,47],"tags":[2963],"class_list":["post-35033","post","type-post","status-publish","format-standard","has-post-thumbnail","hentry","category-minuto-a-minuto","category-zona-gris","tag-general-juan-ernesto-antonio-bernal"],"jetpack_featured_media_url":"https:\/\/zonaroja.com.mx\/wp-content\/uploads\/2021\/12\/General-Juan-Ernesto-Antonio-Bernal.jpg","jetpack_sharing_enabled":true,"_links":{"self":[{"href":"https:\/\/zonaroja.com.mx\/index.php?rest_route=\/wp\/v2\/posts\/35033","targetHints":{"allow":["GET"]}}],"collection":[{"href":"https:\/\/zonaroja.com.mx\/index.php?rest_route=\/wp\/v2\/posts"}],"about":[{"href":"https:\/\/zonaroja.com.mx\/index.php?rest_route=\/wp\/v2\/types\/post"}],"author":[{"embeddable":true,"href":"https:\/\/zonaroja.com.mx\/index.php?rest_route=\/wp\/v2\/users\/2"}],"replies":[{"embeddable":true,"href":"https:\/\/zonaroja.com.mx\/index.php?rest_route=%2Fwp%2Fv2%2Fcomments&post=35033"}],"version-history":[{"count":1,"href":"https:\/\/zonaroja.com.mx\/index.php?rest_route=\/wp\/v2\/posts\/35033\/revisions"}],"predecessor-version":[{"id":35035,"href":"https:\/\/zonaroja.com.mx\/index.php?rest_route=\/wp\/v2\/posts\/35033\/revisions\/35035"}],"wp:featuredmedia":[{"embeddable":true,"href":"https:\/\/zonaroja.com.mx\/index.php?rest_route=\/wp\/v2\/media\/35034"}],"wp:attachment":[{"href":"https:\/\/zonaroja.com.mx\/index.php?rest_route=%2Fwp%2Fv2%2Fmedia&parent=35033"}],"wp:term":[{"taxonomy":"category","embeddable":true,"href":"https:\/\/zonaroja.com.mx\/index.php?rest_route=%2Fwp%2Fv2%2Fcategories&post=35033"},{"taxonomy":"post_tag","embeddable":true,"href":"https:\/\/zonaroja.com.mx\/index.php?rest_route=%2Fwp%2Fv2%2Ftags&post=35033"}],"curies":[{"name":"wp","href":"https:\/\/api.w.org\/{rel}","templated":true}]}}