{"id":35045,"date":"2021-12-05T14:41:21","date_gmt":"2021-12-05T20:41:21","guid":{"rendered":"https:\/\/www.zonaroja.com.mx\/?p=35045"},"modified":"2021-12-05T14:41:27","modified_gmt":"2021-12-05T20:41:27","slug":"por-omicron-habria-tercera-vacuna-contra-el-covid-para-adultos-mayores","status":"publish","type":"post","link":"https:\/\/zonaroja.com.mx\/?p=35045","title":{"rendered":"Por \u201c\u00d3micron\u201d, habr\u00eda tercera vacuna contra el Covid para adultos mayores"},"content":{"rendered":"\n<p>Redacci\u00f3n\/Zona Roja Cdmx.<\/p>\n\n\n\n<p>Ciudad de M\u00e9xico, 5 de diciembre de 2021.- La aplicaci\u00f3n de refuerzos de la vacuna contra Covid-19 para adultos mayores, como prevenci\u00f3n ante la llegada de la temporada invernal, se inicia el martes pr\u00f3ximo, anunci\u00f3 el Presidente Andr\u00e9s Manuel L\u00f3pez Obrador.<\/p>\n\n\n\n<p>&nbsp;Record\u00f3 que es durante el invierno cuando aumentan las enfermedades respiratorias, lo cual se registraba aun antes del inicio de la pandemia, con mayor impacto en los adultos mayores.<\/p>\n\n\n\n<p>&nbsp;La Secretar\u00eda de Salud elabor\u00f3 un plan para su aplicaci\u00f3n que presentar\u00e1 el martes el secretario Jorge Alcocer y el subsecretario Hugo L\u00f3pez-Gatell, durante la conferencia de prensa matutina de ese d\u00eda.<\/p>\n\n\n\n<p>&nbsp;\u201cEs muy probable que comencemos con la vacuna de refuerzo para adultos mayores a partir del martes pr\u00f3ximo. Todo esto por el invierno, porque siempre, con pandemia o sin pandemia, en el invierno la gente mayor padece m\u00e1s\u201d, dijo el mandatario ayer durante una conferencia de prensa.<\/p>\n\n\n\n<p>El refuerzo ser\u00e1 para los mayores de 65 a\u00f1os que hayan recibido cualquier tipo de ant\u00edgeno de las distintas marcas utilizadas en el pa\u00eds, y se guardar\u00e1n las de Pfizer para los menores de edad, porque es la que est\u00e1 recomendada para ese sector.<\/p>\n\n\n\n<p>Luego de que se comprob\u00f3 el primer caso de una persona contagiada con la variante \u201c\u00d3micron\u201d, precis\u00f3 que su administraci\u00f3n sab\u00eda que \u00e9sta llegar\u00eda M\u00e9xico, pues ya est\u00e1 presente en al menos 40 naciones. Hasta ahora no se ha demostrado que sea m\u00e1s agresiva que las anteriores, subray\u00f3.<\/p>\n\n\n\n<p>L\u00f3pez Obrador explic\u00f3 que al momento en que \u201c\u00d3micron\u201d fue descubierta en Sud\u00e1frica, la notificaron a la Organizaci\u00f3n Mundial de la Salud como una variante del coronavirus de preocupaci\u00f3n, lo cual se interpret\u00f3 que era muy peligrosa y cundi\u00f3 ahora s\u00ed que el p\u00e1nico en todos lados y hubo bastante sensacionalismo.<\/p>\n\n\n\n<p> En tanto, los medios de comunicaci\u00f3n m\u00e1s famosos a nivel mundial volaron la informaci\u00f3n al alertar que las vacunas podr\u00edan no ser eficaces en estos casos.<\/p>\n\n\n\n<p> Frente al susto de la poblaci\u00f3n y la afectaci\u00f3n de la econom\u00eda internacional por nerviosismo, insisti\u00f3 en que \u201chasta ahora no hay pruebas de que sea peligrosa la nueva variante, no ha habido informes de m\u00e1s fallecidos \u2013que es lo que preocupa y ocupa\u2013 afortunadamente\u201d.<\/p>\n\n\n\n<p> De igual forma, asegur\u00f3 que el gobierno federal estar\u00e1 pendiente y atento, pero por el momento no hay un repunte en el pa\u00eds de los casos de Covid-19.<\/p>\n\n\n\n<p>(Informaci\u00f3n de \u201cLa Jornada\u201d)<\/p>\n","protected":false},"excerpt":{"rendered":"<p>Redacci\u00f3n\/Zona Roja Cdmx. Ciudad de M\u00e9xico, 5 de diciembre de 2021.- La aplicaci\u00f3n de refuerzos&hellip;<\/p>\n","protected":false},"author":2,"featured_media":26522,"comment_status":"closed","ping_status":"open","sticky":false,"template":"","format":"standard","meta":{"_lmt_disableupdate":"","_lmt_disable":"","_jetpack_memberships_contains_paid_content":false,"footnotes":""},"categories":[1,47],"tags":[],"class_list":["post-35045","post","type-post","status-publish","format-standard","has-post-thumbnail","hentry","category-sin-categoria","category-zona-gris"],"jetpack_featured_media_url":"https:\/\/zonaroja.com.mx\/wp-content\/uploads\/2021\/04\/Vacunados-contra-Covid.jpg","jetpack_sharing_enabled":true,"_links":{"self":[{"href":"https:\/\/zonaroja.com.mx\/index.php?rest_route=\/wp\/v2\/posts\/35045","targetHints":{"allow":["GET"]}}],"collection":[{"href":"https:\/\/zonaroja.com.mx\/index.php?rest_route=\/wp\/v2\/posts"}],"about":[{"href":"https:\/\/zonaroja.com.mx\/index.php?rest_route=\/wp\/v2\/types\/post"}],"author":[{"embeddable":true,"href":"https:\/\/zonaroja.com.mx\/index.php?rest_route=\/wp\/v2\/users\/2"}],"replies":[{"embeddable":true,"href":"https:\/\/zonaroja.com.mx\/index.php?rest_route=%2Fwp%2Fv2%2Fcomments&post=35045"}],"version-history":[{"count":1,"href":"https:\/\/zonaroja.com.mx\/index.php?rest_route=\/wp\/v2\/posts\/35045\/revisions"}],"predecessor-version":[{"id":35046,"href":"https:\/\/zonaroja.com.mx\/index.php?rest_route=\/wp\/v2\/posts\/35045\/revisions\/35046"}],"wp:featuredmedia":[{"embeddable":true,"href":"https:\/\/zonaroja.com.mx\/index.php?rest_route=\/wp\/v2\/media\/26522"}],"wp:attachment":[{"href":"https:\/\/zonaroja.com.mx\/index.php?rest_route=%2Fwp%2Fv2%2Fmedia&parent=35045"}],"wp:term":[{"taxonomy":"category","embeddable":true,"href":"https:\/\/zonaroja.com.mx\/index.php?rest_route=%2Fwp%2Fv2%2Fcategories&post=35045"},{"taxonomy":"post_tag","embeddable":true,"href":"https:\/\/zonaroja.com.mx\/index.php?rest_route=%2Fwp%2Fv2%2Ftags&post=35045"}],"curies":[{"name":"wp","href":"https:\/\/api.w.org\/{rel}","templated":true}]}}