{"id":35047,"date":"2021-12-05T16:36:15","date_gmt":"2021-12-05T22:36:15","guid":{"rendered":"http:\/\/www.zonaroja.com.mx\/?p=35047"},"modified":"2021-12-05T16:40:16","modified_gmt":"2021-12-05T22:40:16","slug":"cierran-hospital-de-salina-cruz-tras-muertes-de-bebe-por-fallas-electricas","status":"publish","type":"post","link":"https:\/\/zonaroja.com.mx\/?p=35047","title":{"rendered":"Cierran hospital de Salina Cruz, tras muerte de menor por fallas el\u00e9ctricas"},"content":{"rendered":"\n<p>Redacci\u00f3n\/Zona Roja.<\/p>\n\n\n\n<p>Oaxaca de Ju\u00e1rez, Oax., 5 de diciembre de 2021.- Tras el fallecimiento de un menor de edad por desatenci\u00f3n, ante la falta de energ\u00eda el\u00e9ctrica, el hospital de especialidades ubicado en el municipio de Salina Cruz, Oaxaca, ser\u00e1 cerrado por dos d\u00edas, a partir de ma\u00f1ana.<\/p>\n\n\n\n<p>Los Servicios de Salud de Oaxaca (SSO informaron que con ello se busca garantizar la continuidad de los procedimientos hospitalarios y optimizar la seguridad en dicho nosocomio.<\/p>\n\n\n\n<p>Fue a inicios de este mes en que el nosocomio se qued\u00f3 sin energ\u00eda el\u00e9ctrica, por lo que no pudo atender al peque\u00f1o Ricardo V. Z., quien padec\u00eda leucemia, enfermedad que se le complic\u00f3 por lo cual buscaron la atenci\u00f3n m\u00e9dica.<\/p>\n\n\n\n<p>Sin embargo, no pudieron brind\u00e1rsela por lo que la familia tuvo que trasladarlo por sus propios medios a la capital oaxaque\u00f1a, pero falleci\u00f3 antes de llegar al Hospital de la Ni\u00f1ez, seg\u00fan denunci\u00f3 en su momento la asociaci\u00f3n \u00abCausa en Com\u00fan\u00bb.<\/p>\n\n\n\n<p>De acuerdo con un comunicado de prensa de la instituci\u00f3n Servicios de Salud, las consultas externas y urgencias m\u00e9dicas operar\u00e1n de forma normal, sin embargo, durante 48 horas no se llevar\u00e1n a cabo cirug\u00edas.<\/p>\n\n\n\n<p>No obstante, se han coordinado acciones con otros hospitales de la regi\u00f3n del Istmo de Tehuantepec para canalizar a personas que pudieran requerir ser hospitalizados en este periodo.<\/p>\n\n\n\n<p>Mencion\u00f3 que actualmente el Hospital General con Especialidades de Salina Cruz cuenta con 20 pacientes internados, de \u00e9stos \u00fanicamente dos ser\u00e1n transferidos a otros centros hospitalarios para seguir recibiendo la atenci\u00f3n m\u00e9dica durante los d\u00edas antes estipulados, \u201ccon la finalidad de optimizar el suministro de energ\u00eda.<\/p>\n\n\n\n<p>\u201cPara los SSO esta acci\u00f3n es necesaria y fundamental para asegurar que todos los usuarios reciban una atenci\u00f3n de alta calidad, con extrema eficiencia y a tenor de sus requerimientos de salud\u201d, refiri\u00f3.<\/p>\n","protected":false},"excerpt":{"rendered":"<p>Redacci\u00f3n\/Zona Roja. Oaxaca de Ju\u00e1rez, Oax., 5 de diciembre de 2021.- Tras el fallecimiento de&hellip;<\/p>\n","protected":false},"author":2,"featured_media":35048,"comment_status":"closed","ping_status":"open","sticky":false,"template":"","format":"standard","meta":{"_lmt_disableupdate":"","_lmt_disable":"","_jetpack_memberships_contains_paid_content":false,"footnotes":""},"categories":[109,47],"tags":[1005],"class_list":["post-35047","post","type-post","status-publish","format-standard","has-post-thumbnail","hentry","category-minuto-a-minuto","category-zona-gris","tag-servicios-de-salud-de-oaxaca-sso"],"jetpack_featured_media_url":"https:\/\/zonaroja.com.mx\/wp-content\/uploads\/2021\/12\/Dara-SSO-mantenimiento-al-Hospital-de-Salina-Cruz-01.jpg","jetpack_sharing_enabled":true,"_links":{"self":[{"href":"https:\/\/zonaroja.com.mx\/index.php?rest_route=\/wp\/v2\/posts\/35047","targetHints":{"allow":["GET"]}}],"collection":[{"href":"https:\/\/zonaroja.com.mx\/index.php?rest_route=\/wp\/v2\/posts"}],"about":[{"href":"https:\/\/zonaroja.com.mx\/index.php?rest_route=\/wp\/v2\/types\/post"}],"author":[{"embeddable":true,"href":"https:\/\/zonaroja.com.mx\/index.php?rest_route=\/wp\/v2\/users\/2"}],"replies":[{"embeddable":true,"href":"https:\/\/zonaroja.com.mx\/index.php?rest_route=%2Fwp%2Fv2%2Fcomments&post=35047"}],"version-history":[{"count":2,"href":"https:\/\/zonaroja.com.mx\/index.php?rest_route=\/wp\/v2\/posts\/35047\/revisions"}],"predecessor-version":[{"id":35050,"href":"https:\/\/zonaroja.com.mx\/index.php?rest_route=\/wp\/v2\/posts\/35047\/revisions\/35050"}],"wp:featuredmedia":[{"embeddable":true,"href":"https:\/\/zonaroja.com.mx\/index.php?rest_route=\/wp\/v2\/media\/35048"}],"wp:attachment":[{"href":"https:\/\/zonaroja.com.mx\/index.php?rest_route=%2Fwp%2Fv2%2Fmedia&parent=35047"}],"wp:term":[{"taxonomy":"category","embeddable":true,"href":"https:\/\/zonaroja.com.mx\/index.php?rest_route=%2Fwp%2Fv2%2Fcategories&post=35047"},{"taxonomy":"post_tag","embeddable":true,"href":"https:\/\/zonaroja.com.mx\/index.php?rest_route=%2Fwp%2Fv2%2Ftags&post=35047"}],"curies":[{"name":"wp","href":"https:\/\/api.w.org\/{rel}","templated":true}]}}