{"id":35055,"date":"2021-12-05T20:58:58","date_gmt":"2021-12-06T02:58:58","guid":{"rendered":"http:\/\/www.zonaroja.com.mx\/?p=35055"},"modified":"2021-12-05T20:59:02","modified_gmt":"2021-12-06T02:59:02","slug":"ejercito-y-fuerza-aerea-aseguran-400-kilogramos-de-posible-cocaina-en-oaxaca","status":"publish","type":"post","link":"https:\/\/zonaroja.com.mx\/?p=35055","title":{"rendered":"Ej\u00e9rcito y Fuerza A\u00e9rea aseguran 400 kilogramos de posible coca\u00edna en Oaxaca"},"content":{"rendered":"\n<p>Redacci\u00f3n\/Zona Roja Cdmx.<\/p>\n\n\n\n<p>Ciudad de M\u00e9xico, 5 de diciembre de 2021.- La Secretar\u00eda de la Defensa Nacional (Sedena) inform\u00f3 que este domingo 5 de diciembre, elementos del Ej\u00e9rcito y Fuerza A\u00e9rea Mexicanos, aseguraron un veh\u00edculo con 400 kilogramos aproximadamente de polvo blanco con propiedades similares a las de la coca\u00edna, como consecuencia de un alertamiento a\u00e9reo.<\/p>\n\n\n\n<p>En un comunicado, inform\u00f3 que al aplicar los procedimientos de vigilancia y protecci\u00f3n del espacio a\u00e9reo nacional, el Sistema Integral de Vigilancia A\u00e9rea detect\u00f3 una aeronave que sobrevolaba en forma il\u00edcita, procedente de Sudam\u00e9rica, por lo que se desplegaron las unidades de intercepci\u00f3n a\u00e9rea y plataformas de vigilancia.<\/p>\n\n\n\n<p>Posteriormente la aeronave sospechosa registr\u00f3 perdida de contacto de radar a inmediaciones del municipio de Arriaga, Chiapas, por lo que inmediatamente se activaron fuerzas de reacci\u00f3n terrestres y aerotransportadas.<\/p>\n\n\n\n<figure class=\"wp-block-embed is-type-rich is-provider-twitter wp-block-embed-twitter\"><div class=\"wp-block-embed__wrapper\">\n<div class=\"twitter-tweet\"><blockquote class=\"twitter-tweet\" data-lang=\"es\"><p lang=\"es\" dir=\"ltr\"><a href=\"https:\/\/twitter.com\/hashtag\/%C3%9AltimoMinuto?src=hash&amp;ref_src=twsrc%5Etfw\">#\u00daltimoMinuto<\/a> <br>Confirma la Secretar\u00eda de la Defensa Nacional (<a href=\"https:\/\/twitter.com\/SEDENAmx?ref_src=twsrc%5Etfw\">@SEDENAmx<\/a>), el decomiso de aproximadamente 400 kilos de coca\u00edna, en un veh\u00edculo abandonado a un costado de la carretera federal, en San Pedro Tapanatepec, Oaxaca.<br>Video: <a href=\"https:\/\/twitter.com\/CortamortajaMx?ref_src=twsrc%5Etfw\">@CortamortajaMx<\/a>. <a href=\"https:\/\/t.co\/xE3LY9pqhb\">pic.twitter.com\/xE3LY9pqhb<\/a><\/p>&mdash; Zona Roja Oaxaca (@Zona_Roja_Oax) <a href=\"https:\/\/twitter.com\/Zona_Roja_Oax\/status\/1467686732304986112?ref_src=twsrc%5Etfw\">6 de diciembre de 2021<\/a><\/blockquote><\/div>\n<\/div><\/figure>\n\n\n\n<p>Expuso que, como resultado de lo anterior, se detectaron dos veh\u00edculos en movimiento, los conductores de los mismos, al percatarse de la presencia del personal militar, emprendieron la huida en uno de los automotores, dejando abandonado el otro cerca de la comunidad San Pedro Tepanatepec, Oaxaca.<\/p>\n\n\n\n<p>En la unidad, camioneta blanca, se localizaron 400 paquetes de un kilogramo aproximadamente, de posible coca\u00edna.<\/p>\n\n\n\n<p>Posteriormente, los elementos militares al realizar reconocimientos terrestres a los alrededores de la localidad, localizaron el veh\u00edculo abandonado empleado para darse a la fuga.<\/p>\n\n\n\n<p>La Sedena detall\u00f3 que lo asegurado fue puesto a disposici\u00f3n de las autoridades correspondientes, quedando pendiente el dictamen qu\u00edmico y peso oficial, con lo que se evita que este tipo de sustancias adictivas lleguen a la juventud mexicana y afecte su desarrollo integral.<\/p>\n","protected":false},"excerpt":{"rendered":"<p>Redacci\u00f3n\/Zona Roja Cdmx. Ciudad de M\u00e9xico, 5 de diciembre de 2021.- La Secretar\u00eda de la&hellip;<\/p>\n","protected":false},"author":2,"featured_media":35056,"comment_status":"closed","ping_status":"open","sticky":false,"template":"","format":"standard","meta":{"_lmt_disableupdate":"","_lmt_disable":"","_jetpack_memberships_contains_paid_content":false,"footnotes":""},"categories":[109,47],"tags":[206],"class_list":["post-35055","post","type-post","status-publish","format-standard","has-post-thumbnail","hentry","category-minuto-a-minuto","category-zona-gris","tag-san-pedro-tapanatepec"],"jetpack_featured_media_url":"https:\/\/zonaroja.com.mx\/wp-content\/uploads\/2021\/12\/Cocaina-Tapantepec-Oaxaca-Sedena.jpg","jetpack_sharing_enabled":true,"_links":{"self":[{"href":"https:\/\/zonaroja.com.mx\/index.php?rest_route=\/wp\/v2\/posts\/35055","targetHints":{"allow":["GET"]}}],"collection":[{"href":"https:\/\/zonaroja.com.mx\/index.php?rest_route=\/wp\/v2\/posts"}],"about":[{"href":"https:\/\/zonaroja.com.mx\/index.php?rest_route=\/wp\/v2\/types\/post"}],"author":[{"embeddable":true,"href":"https:\/\/zonaroja.com.mx\/index.php?rest_route=\/wp\/v2\/users\/2"}],"replies":[{"embeddable":true,"href":"https:\/\/zonaroja.com.mx\/index.php?rest_route=%2Fwp%2Fv2%2Fcomments&post=35055"}],"version-history":[{"count":1,"href":"https:\/\/zonaroja.com.mx\/index.php?rest_route=\/wp\/v2\/posts\/35055\/revisions"}],"predecessor-version":[{"id":35057,"href":"https:\/\/zonaroja.com.mx\/index.php?rest_route=\/wp\/v2\/posts\/35055\/revisions\/35057"}],"wp:featuredmedia":[{"embeddable":true,"href":"https:\/\/zonaroja.com.mx\/index.php?rest_route=\/wp\/v2\/media\/35056"}],"wp:attachment":[{"href":"https:\/\/zonaroja.com.mx\/index.php?rest_route=%2Fwp%2Fv2%2Fmedia&parent=35055"}],"wp:term":[{"taxonomy":"category","embeddable":true,"href":"https:\/\/zonaroja.com.mx\/index.php?rest_route=%2Fwp%2Fv2%2Fcategories&post=35055"},{"taxonomy":"post_tag","embeddable":true,"href":"https:\/\/zonaroja.com.mx\/index.php?rest_route=%2Fwp%2Fv2%2Ftags&post=35055"}],"curies":[{"name":"wp","href":"https:\/\/api.w.org\/{rel}","templated":true}]}}