{"id":3507,"date":"2019-08-29T17:54:40","date_gmt":"2019-08-29T22:54:40","guid":{"rendered":"http:\/\/www.zonaroja.com.mx\/?p=3507"},"modified":"2019-08-29T17:54:43","modified_gmt":"2019-08-29T22:54:43","slug":"giran-nueva-orden-de-aprehension-contra-dirigente-del-steuabjo","status":"publish","type":"post","link":"https:\/\/zonaroja.com.mx\/?p=3507","title":{"rendered":"Giran nueva orden de aprehensi\u00f3n contra dirigente del STEUABJO"},"content":{"rendered":"\n<p>Redacci\u00f3n\/Zona\nRoja.<\/p>\n\n\n\n<p>Oaxaca de\nJu\u00e1rez, Oax., 29 de agosto de 2019.- La Fiscal\u00eda General del Estado de Oaxaca solicit\u00f3\ny obtuvo una nueva orden de aprehensi\u00f3n en contra de Fernando David L\u00f3pez Cruz,\ndirigente del Sindicato de Trabajadores y Empleados de la Universidad Aut\u00f3noma\n\u201cBenito Ju\u00e1rez\u201d de Oaxaca (Steuabjo), luego de otra denuncia en su contra por\nparte de un particular.<\/p>\n\n\n\n<p>De acuerdo\ncon el documento en poder de esta redacci\u00f3n, el dirigente sindical fue\ndenunciado por el delito de ataques a las v\u00edas de comunicaci\u00f3n cometido en\nperjuicio de la sociedad, en el marco de las movilizaciones y protestas que\nrealizo la gremial el pasado mes de julio.<\/p>\n\n\n\n<p>La acusaci\u00f3n\nfue realizada por el representante legal de la L\u00ednea de Transportes Urbanos y\nSuburbanos Guelatao S.A de C.V., la cual se vio afectada en primera cuenta con\nla retenci\u00f3n de dos unidades, mismas que fue utilizada para impedir el paso en\ndos de las vialidades m\u00e1s importantes de la ciudad, ocasionando serias\nafectaciones a automovilistas y transe\u00fantes.<\/p>\n\n\n\n<p>Por anterior\nsolicit\u00f3, a las autoridades encargadas de la procuraci\u00f3n de justicia, la\ninvestigaci\u00f3n de los hechos y el castigo a los responsables conforme a la ley,\nraz\u00f3n por la que fue girada una nueva orden de aprehensi\u00f3n contra el dirigente\ndel STEUABJO.<\/p>\n\n\n\n<p>Fernando\nDavid L\u00f3pez Cruz ha denunciado que se trata de una estrategia de\ncriminalizaci\u00f3n de la protesta social por parte del Estado, a fin de reducir\nlas manifestaciones que de forma leg\u00edtima realiza la base trabajadora para\nexigir mejoras laborales.<\/p>\n\n\n\n<p>Ya en una\nocasi\u00f3n en este a\u00f1o tambi\u00e9n ya se le hab\u00eda librado orden de aprehensi\u00f3n y\nsujeto a proceso, por el delito de \u201ccoalici\u00f3n de servidores p\u00fablicos\u201d, al\nprotestar y bloquear accesos a la Ciudad Administrativa; no obstante, la\nFiscal\u00eda no aport\u00f3 las pruebas suficientes, por lo que no fue vinculado a\nproceso.<\/p>\n\n\n\n<p>Raz\u00f3n por la\ncual integrantes del Frente Unificador de Sindicatos Independientes de Oaxaca y\nNacionales (FUSION), se han pronunciado recientemente a favor del dirigente,\nas\u00ed como de las y los trabajadores del Comit\u00e9 Ejecutivo de la Secci\u00f3n 9 del\nSindicato Independiente Nacional de Trabajadores de Salud (SINTS), a quienes\ntambi\u00e9n se les han iniciado investigaciones por sus recientes protestas<\/p>\n","protected":false},"excerpt":{"rendered":"<p>Redacci\u00f3n\/Zona Roja. Oaxaca de Ju\u00e1rez, Oax., 29 de agosto de 2019.- La Fiscal\u00eda General del&hellip;<\/p>\n","protected":false},"author":2,"featured_media":3508,"comment_status":"closed","ping_status":"open","sticky":false,"template":"","format":"standard","meta":{"_lmt_disableupdate":"","_lmt_disable":"","_jetpack_memberships_contains_paid_content":false,"footnotes":""},"categories":[109,51],"tags":[305],"class_list":["post-3507","post","type-post","status-publish","format-standard","has-post-thumbnail","hentry","category-minuto-a-minuto","category-zona-roja","tag-steuabjo"],"jetpack_featured_media_url":"https:\/\/zonaroja.com.mx\/wp-content\/uploads\/2019\/08\/Fernando-David-L\u00f3pez-cruz.jpeg","jetpack_sharing_enabled":true,"_links":{"self":[{"href":"https:\/\/zonaroja.com.mx\/index.php?rest_route=\/wp\/v2\/posts\/3507","targetHints":{"allow":["GET"]}}],"collection":[{"href":"https:\/\/zonaroja.com.mx\/index.php?rest_route=\/wp\/v2\/posts"}],"about":[{"href":"https:\/\/zonaroja.com.mx\/index.php?rest_route=\/wp\/v2\/types\/post"}],"author":[{"embeddable":true,"href":"https:\/\/zonaroja.com.mx\/index.php?rest_route=\/wp\/v2\/users\/2"}],"replies":[{"embeddable":true,"href":"https:\/\/zonaroja.com.mx\/index.php?rest_route=%2Fwp%2Fv2%2Fcomments&post=3507"}],"version-history":[{"count":1,"href":"https:\/\/zonaroja.com.mx\/index.php?rest_route=\/wp\/v2\/posts\/3507\/revisions"}],"predecessor-version":[{"id":3509,"href":"https:\/\/zonaroja.com.mx\/index.php?rest_route=\/wp\/v2\/posts\/3507\/revisions\/3509"}],"wp:featuredmedia":[{"embeddable":true,"href":"https:\/\/zonaroja.com.mx\/index.php?rest_route=\/wp\/v2\/media\/3508"}],"wp:attachment":[{"href":"https:\/\/zonaroja.com.mx\/index.php?rest_route=%2Fwp%2Fv2%2Fmedia&parent=3507"}],"wp:term":[{"taxonomy":"category","embeddable":true,"href":"https:\/\/zonaroja.com.mx\/index.php?rest_route=%2Fwp%2Fv2%2Fcategories&post=3507"},{"taxonomy":"post_tag","embeddable":true,"href":"https:\/\/zonaroja.com.mx\/index.php?rest_route=%2Fwp%2Fv2%2Ftags&post=3507"}],"curies":[{"name":"wp","href":"https:\/\/api.w.org\/{rel}","templated":true}]}}