{"id":35070,"date":"2021-12-06T07:51:58","date_gmt":"2021-12-06T13:51:58","guid":{"rendered":"http:\/\/www.zonaroja.com.mx\/?p=35070"},"modified":"2021-12-06T08:14:08","modified_gmt":"2021-12-06T14:14:08","slug":"ejecutaron-a-tres-con-el-tiro-de-gracia-en-la-cabeza-en-tututepec-oaxaca","status":"publish","type":"post","link":"https:\/\/zonaroja.com.mx\/?p=35070","title":{"rendered":"Ejecutaron a tres con el tiro de gracia en la cabeza, en Tututepec, Oaxaca"},"content":{"rendered":"\n<p>Redacci\u00f3n\/Zona Roja.<\/p>\n\n\n\n<p>Oaxaca de Ju\u00e1rez, Oax., 6 de diciembre de 2021.- Con el tiro de gracia en la cabeza, tres personas fueron ejecutadas este domingo en la regi\u00f3n Costa de Oaxaca.<\/p>\n\n\n\n<p>Fue la ma\u00f1ana de ayer en que en un local de venta de bebidas alcoh\u00f3licas en la comunidad de Pastor\u00eda, del municipio de Villa de Tututepec, sujetos armados ingresaron y dieron muerte a tres individuos.<\/p>\n\n\n\n<p>Las v\u00edctimas fueron identificadas de manera preliminar como Ad\u00e1n Torres Jarqu\u00edn, de 42 a\u00f1os de edad; \u00c9dgar Garc\u00eda Soriano, de 18 a\u00f1os, e Ignacio P\u00e9rez L\u00f3pez; dos murieron en el lugar de los hechos y una m\u00e1s en un hospital.<\/p>\n\n\n\n<p>Las tres ejecuciones se dan unas horas despu\u00e9s de la designaci\u00f3n del nuevo vicefiscal Regional de la Costa, cargo que recay\u00f3 en Pedro Garc\u00eda Pelayo, a quien el fiscal General Arturo Peimbert Calvo le dio posesi\u00f3n.<\/p>\n\n\n\n<p>TRES AHOGADOS<\/p>\n\n\n\n<p>Por otra parte, en la playa de Zicatela, Puerto Escondido, San Pedro Mixtepec, tres turistas originarios de la Ciudad de M\u00e9xico se ahogaron ayer cerca del mediod\u00eda.<\/p>\n\n\n\n<p>Salvavidas del Heroico Cuerpo de Bomberos lograron rescatarlos, pero uno perdi\u00f3 la vida; la v\u00edctima fue identificda como Gustavo V. de 47 a\u00f1os de edad.<\/p>\n\n\n\n<p>Mientras que en la ciudad de Oaxaca, una persona del sexo masculino, presuntamente indigente, muri\u00f3 en la calle ayer por la tarde, en la esquina de Aldama con Bustamante, a dos cuadras del z\u00f3calo de la capital.<\/p>\n\n\n\n<p>A la vez, ayer en Santa Mar\u00eda Huatulco, una persona de la tercera edad fue atropellada y muerta, en la carretera federal en inmediaciones de Paso Lim\u00f3n; el hombre se dirig\u00eda a laborar a Bah\u00edas de Huatulco, como \u201ccerillo\u201d, cuando fue arrollado; fue identificado como Cornelio.<\/p>\n","protected":false},"excerpt":{"rendered":"<p>Redacci\u00f3n\/Zona Roja. Oaxaca de Ju\u00e1rez, Oax., 6 de diciembre de 2021.- Con el tiro de&hellip;<\/p>\n","protected":false},"author":2,"featured_media":35072,"comment_status":"closed","ping_status":"open","sticky":false,"template":"","format":"standard","meta":{"_lmt_disableupdate":"","_lmt_disable":"","_jetpack_memberships_contains_paid_content":false,"footnotes":""},"categories":[109,51],"tags":[1203],"class_list":["post-35070","post","type-post","status-publish","format-standard","has-post-thumbnail","hentry","category-minuto-a-minuto","category-zona-roja","tag-villa-de-tututepec"],"jetpack_featured_media_url":"https:\/\/zonaroja.com.mx\/wp-content\/uploads\/2021\/12\/dcfa7619-684a-4141-8633-32919200a202.jpg","jetpack_sharing_enabled":true,"_links":{"self":[{"href":"https:\/\/zonaroja.com.mx\/index.php?rest_route=\/wp\/v2\/posts\/35070","targetHints":{"allow":["GET"]}}],"collection":[{"href":"https:\/\/zonaroja.com.mx\/index.php?rest_route=\/wp\/v2\/posts"}],"about":[{"href":"https:\/\/zonaroja.com.mx\/index.php?rest_route=\/wp\/v2\/types\/post"}],"author":[{"embeddable":true,"href":"https:\/\/zonaroja.com.mx\/index.php?rest_route=\/wp\/v2\/users\/2"}],"replies":[{"embeddable":true,"href":"https:\/\/zonaroja.com.mx\/index.php?rest_route=%2Fwp%2Fv2%2Fcomments&post=35070"}],"version-history":[{"count":1,"href":"https:\/\/zonaroja.com.mx\/index.php?rest_route=\/wp\/v2\/posts\/35070\/revisions"}],"predecessor-version":[{"id":35071,"href":"https:\/\/zonaroja.com.mx\/index.php?rest_route=\/wp\/v2\/posts\/35070\/revisions\/35071"}],"wp:featuredmedia":[{"embeddable":true,"href":"https:\/\/zonaroja.com.mx\/index.php?rest_route=\/wp\/v2\/media\/35072"}],"wp:attachment":[{"href":"https:\/\/zonaroja.com.mx\/index.php?rest_route=%2Fwp%2Fv2%2Fmedia&parent=35070"}],"wp:term":[{"taxonomy":"category","embeddable":true,"href":"https:\/\/zonaroja.com.mx\/index.php?rest_route=%2Fwp%2Fv2%2Fcategories&post=35070"},{"taxonomy":"post_tag","embeddable":true,"href":"https:\/\/zonaroja.com.mx\/index.php?rest_route=%2Fwp%2Fv2%2Ftags&post=35070"}],"curies":[{"name":"wp","href":"https:\/\/api.w.org\/{rel}","templated":true}]}}