{"id":35073,"date":"2021-12-06T08:30:02","date_gmt":"2021-12-06T14:30:02","guid":{"rendered":"http:\/\/www.zonaroja.com.mx\/?p=35073"},"modified":"2021-12-06T18:35:56","modified_gmt":"2021-12-07T00:35:56","slug":"frente-a-lios-en-morena-resucitara-el-pri-de-oaxaca","status":"publish","type":"post","link":"https:\/\/zonaroja.com.mx\/?p=35073","title":{"rendered":"Frente a l\u00edos en Morena, \u00bfresucitar\u00e1 el PRI de Oaxaca?"},"content":{"rendered":"\n<p>Ismael Garc\u00eda M.\/Zona Roja.<\/p>\n\n\n\n<p>Oaxaca de Ju\u00e1rez, Oax., 5 de diciembre de 2021.- Los conflictos y las diferencias entre el Consejo Nacional, el delegado especial de Morena, \u00d3scar Cant\u00f3n Zetina, y la dirigencia estatal que a\u00fan encabeza Sesul Bola\u00f1os, s\u00f3lo han acrecentado las pugnas entre los aspirantes.<\/p>\n\n\n\n<p>El \u00f3rgano nacional hab\u00eda definido primero s\u00f3lo cuatro finalistas para la contienda interna para elegir al o la candidata a la gubernatura; Susana Harp, Salom\u00f3n Jara, Irma Juan Carlos y Armando Contreras Castillo.<\/p>\n\n\n\n<p>Pero reclamos airados de los dem\u00e1s suspirantes hicieron que el delegado, tabasque\u00f1o de p\u00e9simos antecedentes pol\u00edticos y empresariales, reculara y abriera m\u00e1s opciones; remat\u00f3 Sesul Bola\u00f1os, quien declar\u00f3 que en Oaxaca, Morena no ir\u00eda con el PVEM en la contienda.<\/p>\n\n\n\n<p>De nuevo, el delegado tuvo que salir al paso y convocar a una conferencia con los representantes del Verde y del PT, adem\u00e1s de confirmar que habr\u00e1 oportunidad para otros aspirantes.<\/p>\n\n\n\n<p>Entre ellos los externos, como el priista-verdecologista Ra\u00fal Bola\u00f1os Cacho, que de nuevo har\u00e1 el rid\u00edculo, pues s\u00f3lo saldr\u00e1 exhibido de esta contienda; analiza, por cierto, retirarse de esta competencia y seguir en el Senado; o Benjam\u00edn Robles, que s\u00f3lo busca con su incursi\u00f3n, negociar espacios, otra vez para su familia.<\/p>\n\n\n\n<p>A R\u00cdO REVUELTO<\/p>\n\n\n\n<p>Todos esos yerros, y otros m\u00e1s, han sido aprovechados por el PRI &#8211;aletargado a prop\u00f3sito por su jefe pol\u00edtico&#8211; y entre el lunes y el martes pasado, tres aspirantes renunciaron a sus cargos en el Gobierno del Estado, para prepararse para la contienda.<\/p>\n\n\n\n<p>Uno m\u00e1s, que a\u00fan no se sabe si sigue siendo priista, pues fue candidato de oposici\u00f3n para senador, decidi\u00f3 dimitir el mi\u00e9rcoles. Dos mujeres, legisladoras federales, tambi\u00e9n aseguran alistarse para buscar la candidatura, aunque en el caso de ellas no es necesario que dejen su representaci\u00f3n popular por el momento.<\/p>\n\n\n\n<p>Y fue el viernes 3 de este mes en que la dirigencia del PRI finalmente decidi\u00f3 dar la cara, con declaraciones tibias, a medias.<\/p>\n\n\n\n<p>Y con una notable diferencia tambi\u00e9n entre el dirigente formal, Eviel P\u00e9rez Maga\u00f1a, y el dirigente de facto, el delegado nacional Alejandro Guevara, que vez tras vez insisti\u00f3 en hacer evidente su \u201cliderazgo\u201d \u00fanico, por encima de Eviel.<\/p>\n\n\n\n<p>En el encuentro estuvieron Mariana Nassar Pi\u00f1eyro, Eufrosina Cruz Mendoza \u2013que todo mundo cre\u00eda que a\u00fan era panista&#8211;, Francisco \u00c1ngel Villarreal y Germ\u00e1n Espinosa Santib\u00e1\u00f1ez.<\/p>\n\n\n\n<p>Falt\u00f3, \u201cpor cuestiones de salud\u201d, Heliodoro D\u00edaz Esc\u00e1rraga, quien fue el primero que se apresur\u00f3 a anunciar su renuncia a la Secretar\u00eda de Seguridad P\u00fablica, pero que al parecer no ten\u00eda el visto bueno de sus jefes pol\u00edticos.<\/p>\n\n\n\n<p>Y H\u00e9ctor Pablo Ram\u00edrez, que dos d\u00edas antes hab\u00eda lanzado, en sus redes sociales, un discurso incendiario, contraviniendo a la pasividad del gobernador Alejandro Murat ante la contienda y dando a entender que \u00e9ste ya habr\u00eda claudicado en lo pol\u00edtico.<\/p>\n\n\n\n<p>Si no fuera farsa y el PRI decidiera por experiencia, arraigo, trabajo pol\u00edtico y administrativo, habr\u00eda el candidato de unidad: Francisco \u00c1ngel Villarreal.<\/p>\n\n\n\n<p>Porque ni Germ\u00e1n Espinosa Santib\u00e1\u00f1ez ni Heliodoro D\u00edaz ni H\u00e9ctor Pablo Ram\u00edrez &#8211;que por cierto ya ha buscado acercamientos con pol\u00edticos del PAN y del PRD&#8211;tienen la estatura para tomar la candidatura a gobernador.<\/p>\n\n\n\n<p>EL ARREPENTIDO<\/p>\n\n\n\n<p>Precisamente uno que no tienen ninguna oportunidad de ser electo por el PRI como su candidato es H\u00e9ctor Pablo Ram\u00edrez Puga, porque conocen perfectamente sus desviaciones pol\u00edticas. No le cumplieron su capricho para que fuera candidato priista a senador hace tres a\u00f1os y se fue al PRD para ser apoyado en coalici\u00f3n con el PAN y Movimiento Ciudadano.<\/p>\n\n\n\n<p>Este \u00faltimo es el \u00fanico partido que le quedar\u00eda como opci\u00f3n, pues el PRD se sigue reservando para Salom\u00f3n Jara (quien por cierto en los m\u00e1s recientes sondeos internos de Morena aparece en segundo lugar).<\/p>\n\n\n\n<p>Mientras que el PAN sigue reservando su juego y a\u00fan analiza si se aliar\u00eda con el PAN, pero pondr\u00eda como condici\u00f3n que la candidata fuera la priista Eufrosina Cruz Mendoza.<\/p>\n\n\n\n<p>H\u00e9ctor Pablo no es bien visto en el gabinete de Alejandro Murat y le dieron un espacio en la Comisi\u00f3n Estatal del Agua ante el en\u00e9simo amague de irse a la oposici\u00f3n en la pasada contienda electoral; le dieron adem\u00e1s la oportunidad adem\u00e1s que su hijo fuera regidor en Oaxaca de Ju\u00e1rez. Pero ni as\u00ed. Dice el dicho popular que el que traiciona una vez, traiciona dos veces.<\/p>\n\n\n\n<p>EL FACTOR IVETTE<\/p>\n\n\n\n<p>\u00bfY qu\u00e9 de Ivette Mor\u00e1n de Murat?, quien a prop\u00f3sito dej\u00f3 abierta la opci\u00f3n de aspirar a un cargo de representaci\u00f3n popular, porque asegur\u00f3, el pasado viernes, que no es funcionaria del gobierno del estado y su cargo es honorario.<\/p>\n\n\n\n<p>Tan honorario que dispone de uno de los presupuestos anuales m\u00e1s altos de dicho organismo; choferes, veh\u00edculos blindados, guardias de seguridad. Truena los dedos y los funcionarios del gabinete legal y ampliado se inclinan a ella para cumplir cualquier capricho.<\/p>\n\n\n\n<p>Pero Alejandro Murat la consiente pol\u00edticamente y a medida que mengua su poder, a un a\u00f1o de dejar el gobierno, ha permitido que su esposa sea ahora la protagonista de los videos y de los eventos, como sucedi\u00f3 el pasado viernes con personas con discapacidad, y apenas este domingo, en el encendido del \u00e1rbol navide\u00f1o, en que ella dio el discurso oficial.<\/p>\n\n\n\n<p>Pero con todo ello, los oaxaque\u00f1os est\u00e1n hartos de fuere\u00f1os, principalmente del Estado de M\u00e9xico, y en absoluto dar\u00edan su respaldo a otro de ellos.<\/p>\n\n\n\n<p>Entonces, \u00bfpodr\u00e1 el PRI aprovechar los l\u00edos internos de Morena? \u00bfDe verdad mostrar\u00e1 unidad para dar una verdadera batalla? O seguir\u00e1 vencido antes de iniciar la batalla. O seguir\u00e1 simulando para dejar a Morena la mesa servida.<\/p>\n","protected":false},"excerpt":{"rendered":"<p>Ismael Garc\u00eda M.\/Zona Roja. Oaxaca de Ju\u00e1rez, Oax., 5 de diciembre de 2021.- Los conflictos&hellip;<\/p>\n","protected":false},"author":2,"featured_media":7610,"comment_status":"closed","ping_status":"open","sticky":false,"template":"","format":"standard","meta":{"_lmt_disableupdate":"","_lmt_disable":"","_jetpack_memberships_contains_paid_content":false,"footnotes":""},"categories":[456,109,48],"tags":[1353],"class_list":["post-35073","post","type-post","status-publish","format-standard","has-post-thumbnail","hentry","category-columna","category-minuto-a-minuto","category-zona-critica","tag-opinion-zona-critica"],"jetpack_featured_media_url":"https:\/\/zonaroja.com.mx\/wp-content\/uploads\/2020\/01\/Opini\u00f3n-Zona-Cr\u00edtica.jpg","jetpack_sharing_enabled":true,"_links":{"self":[{"href":"https:\/\/zonaroja.com.mx\/index.php?rest_route=\/wp\/v2\/posts\/35073","targetHints":{"allow":["GET"]}}],"collection":[{"href":"https:\/\/zonaroja.com.mx\/index.php?rest_route=\/wp\/v2\/posts"}],"about":[{"href":"https:\/\/zonaroja.com.mx\/index.php?rest_route=\/wp\/v2\/types\/post"}],"author":[{"embeddable":true,"href":"https:\/\/zonaroja.com.mx\/index.php?rest_route=\/wp\/v2\/users\/2"}],"replies":[{"embeddable":true,"href":"https:\/\/zonaroja.com.mx\/index.php?rest_route=%2Fwp%2Fv2%2Fcomments&post=35073"}],"version-history":[{"count":2,"href":"https:\/\/zonaroja.com.mx\/index.php?rest_route=\/wp\/v2\/posts\/35073\/revisions"}],"predecessor-version":[{"id":35089,"href":"https:\/\/zonaroja.com.mx\/index.php?rest_route=\/wp\/v2\/posts\/35073\/revisions\/35089"}],"wp:featuredmedia":[{"embeddable":true,"href":"https:\/\/zonaroja.com.mx\/index.php?rest_route=\/wp\/v2\/media\/7610"}],"wp:attachment":[{"href":"https:\/\/zonaroja.com.mx\/index.php?rest_route=%2Fwp%2Fv2%2Fmedia&parent=35073"}],"wp:term":[{"taxonomy":"category","embeddable":true,"href":"https:\/\/zonaroja.com.mx\/index.php?rest_route=%2Fwp%2Fv2%2Fcategories&post=35073"},{"taxonomy":"post_tag","embeddable":true,"href":"https:\/\/zonaroja.com.mx\/index.php?rest_route=%2Fwp%2Fv2%2Ftags&post=35073"}],"curies":[{"name":"wp","href":"https:\/\/api.w.org\/{rel}","templated":true}]}}