{"id":35075,"date":"2021-12-06T08:35:23","date_gmt":"2021-12-06T14:35:23","guid":{"rendered":"http:\/\/www.zonaroja.com.mx\/?p=35075"},"modified":"2021-12-06T08:35:25","modified_gmt":"2021-12-06T14:35:25","slug":"van-burocratas-del-istmo-con-la-planilla-morada-el-unico-proyecto-que-representa-un-cambio-en-el-stpeidceo","status":"publish","type":"post","link":"https:\/\/zonaroja.com.mx\/?p=35075","title":{"rendered":"Van bur\u00f3cratas del Istmo con la Planilla Morada, el \u00fanico proyecto que representa un cambio en el STPEIDCEO"},"content":{"rendered":"\n<p>Oaxaca de Ju\u00e1rez, Oax., 6 de diciembre de 2021.- Trabajadores sindicalizados de la regi\u00f3n del Istmo de Tehuantepec, respaldaron y se sumaron a la Planilla Morada, liderada por Jos\u00e9 Arturo S\u00e1nchez D\u00edaz, al se\u00f1alar que es el \u00fanico proyecto que representa unidad y transparencia en v\u00edsperas de las elecciones para la renovaci\u00f3n de la dirigencia del STPEIDCEO.<\/p>\n\n\n\n<p>Los bur\u00f3cratas del Istmo denunciaron que en los \u00faltimos d\u00edas han sido hostigados e intimidados por parte de sus delegados, quienes a trav\u00e9s del chantaje buscan que los trabajadores de gobierno declinen en favor de grupos de poder al interior del sindicato.<\/p>\n\n\n\n<p>Sin embargo, mencionaron que no permitir\u00e1n que contin\u00faen los mismos de siempre al frente del sindicado, al recalcar que lo \u00fanico que han hecho es utilizar al STPEIDCEO para beneficios personales y no en favor de la base trabajadora.<\/p>\n\n\n\n<p>\u201cPese a las intimidaciones que hemos venido sufriendo los trabajadores por parte de nuestros delegados, coordinadores y de integrantes de la Planilla Rosa, queremos se\u00f1alar que no vamos a someternos, haremos el cambio y apoyaremos a los verdaderos trabajadores de base, no esos grupos que rinden pleites\u00eda al Ejecutivo\u201d, manifestaron.<\/p>\n\n\n\n<p>Por esta raz\u00f3n, los sindicalizados de esta regi\u00f3n han decidido unirse a la Planilla Morada, quienes proponen una reforma estatutaria y un debate entre los aspirantes a la dirigencia del STPEIDCEO, y con ello dar a conocer los planteamientos, las ideas y el conocimiento de quien pretende dirigirlos.<\/p>\n","protected":false},"excerpt":{"rendered":"<p>Oaxaca de Ju\u00e1rez, Oax., 6 de diciembre de 2021.- Trabajadores sindicalizados de la regi\u00f3n del&hellip;<\/p>\n","protected":false},"author":2,"featured_media":35076,"comment_status":"closed","ping_status":"open","sticky":false,"template":"","format":"standard","meta":{"_lmt_disableupdate":"","_lmt_disable":"","_jetpack_memberships_contains_paid_content":false,"footnotes":""},"categories":[109,46],"tags":[2965],"class_list":["post-35075","post","type-post","status-publish","format-standard","has-post-thumbnail","hentry","category-minuto-a-minuto","category-zona-blanca","tag-jose-arturo-sanchez-diaz"],"jetpack_featured_media_url":"https:\/\/zonaroja.com.mx\/wp-content\/uploads\/2021\/12\/Planilla-Morada-en-el-Istmo.jpg","jetpack_sharing_enabled":true,"_links":{"self":[{"href":"https:\/\/zonaroja.com.mx\/index.php?rest_route=\/wp\/v2\/posts\/35075","targetHints":{"allow":["GET"]}}],"collection":[{"href":"https:\/\/zonaroja.com.mx\/index.php?rest_route=\/wp\/v2\/posts"}],"about":[{"href":"https:\/\/zonaroja.com.mx\/index.php?rest_route=\/wp\/v2\/types\/post"}],"author":[{"embeddable":true,"href":"https:\/\/zonaroja.com.mx\/index.php?rest_route=\/wp\/v2\/users\/2"}],"replies":[{"embeddable":true,"href":"https:\/\/zonaroja.com.mx\/index.php?rest_route=%2Fwp%2Fv2%2Fcomments&post=35075"}],"version-history":[{"count":1,"href":"https:\/\/zonaroja.com.mx\/index.php?rest_route=\/wp\/v2\/posts\/35075\/revisions"}],"predecessor-version":[{"id":35077,"href":"https:\/\/zonaroja.com.mx\/index.php?rest_route=\/wp\/v2\/posts\/35075\/revisions\/35077"}],"wp:featuredmedia":[{"embeddable":true,"href":"https:\/\/zonaroja.com.mx\/index.php?rest_route=\/wp\/v2\/media\/35076"}],"wp:attachment":[{"href":"https:\/\/zonaroja.com.mx\/index.php?rest_route=%2Fwp%2Fv2%2Fmedia&parent=35075"}],"wp:term":[{"taxonomy":"category","embeddable":true,"href":"https:\/\/zonaroja.com.mx\/index.php?rest_route=%2Fwp%2Fv2%2Fcategories&post=35075"},{"taxonomy":"post_tag","embeddable":true,"href":"https:\/\/zonaroja.com.mx\/index.php?rest_route=%2Fwp%2Fv2%2Ftags&post=35075"}],"curies":[{"name":"wp","href":"https:\/\/api.w.org\/{rel}","templated":true}]}}