{"id":35081,"date":"2021-12-06T15:26:08","date_gmt":"2021-12-06T21:26:08","guid":{"rendered":"http:\/\/www.zonaroja.com.mx\/?p=35081"},"modified":"2021-12-06T15:26:11","modified_gmt":"2021-12-06T21:26:11","slug":"en-la-sspo-brindan-tambien-todo-el-respaldo-a-planilla-morada-para-dirigir-el-stpeidceo","status":"publish","type":"post","link":"https:\/\/zonaroja.com.mx\/?p=35081","title":{"rendered":"En la SSPO brindan tambi\u00e9n todo el respaldo a planilla Morada para dirigir el STPEIDCEO"},"content":{"rendered":"\n<p>Redacci\u00f3n\/Zona Roja.<\/p>\n\n\n\n<p>Oaxaca de Ju\u00e1rez, Oax., 6 de diciembre de 2021.- La planilla Morada que encabeza Jos\u00e9 Arturo S\u00e1nchez sigue sumando m\u00e1s adeptos, para dirigir los destinos del STPEIDCEO.<\/p>\n\n\n\n<p>Al sonido de la banda de m\u00fasica y con gran algarab\u00eda fueron recibidos los integrantes por parte de trabajadores de base de la Secretar\u00eda de Seguridad P\u00fablica de Oaxaca (SSPO), quienes mostraron su total respaldo a este proyecto de unidad y transformaci\u00f3n.<\/p>\n\n\n\n<p>Las y los integrantes de la Planilla Morada informaron sobre sus propuestas de trabajo en favor del STPEIDCEO, al reafirmar que el anhelo es contar con un sindicato transparente y que respalde a sus agremiados.<\/p>\n\n\n\n<p>En este tenor, las y los trabajadores de la SSPO, mostraron todo su respaldo a la planilla Morada al referir que es el momento de un cambio y dejar atr\u00e1s los malos vicios que aqueja al gremio sindical.<\/p>\n\n\n\n<p>Al t\u00e9rmino del evento, las y los trabajadores disfrutaron de una regada de dulces y de un baile al ritmo de los sones y jarabes caracter\u00edsticos del estado de Oaxaca.\u00a0<\/p>\n\n\n\n<figure class=\"wp-block-image size-full\"><a href=\"http:\/\/www.zonaroja.com.mx\/wp-content\/uploads\/2021\/12\/Planilla-Morada-en-la-sspo.jpg\" data-rel=\"penci-gallery-image-content\" ><img decoding=\"async\" width=\"600\" height=\"450\" src=\"http:\/\/www.zonaroja.com.mx\/wp-content\/uploads\/2021\/12\/Planilla-Morada-en-la-sspo.jpg\" alt=\"\" class=\"wp-image-35082\" srcset=\"https:\/\/zonaroja.com.mx\/wp-content\/uploads\/2021\/12\/Planilla-Morada-en-la-sspo.jpg 600w, https:\/\/zonaroja.com.mx\/wp-content\/uploads\/2021\/12\/Planilla-Morada-en-la-sspo-300x225.jpg 300w, https:\/\/zonaroja.com.mx\/wp-content\/uploads\/2021\/12\/Planilla-Morada-en-la-sspo-585x439.jpg 585w\" sizes=\"(max-width: 600px) 100vw, 600px\" \/><\/a><\/figure>\n","protected":false},"excerpt":{"rendered":"<p>Redacci\u00f3n\/Zona Roja. Oaxaca de Ju\u00e1rez, Oax., 6 de diciembre de 2021.- La planilla Morada que&hellip;<\/p>\n","protected":false},"author":2,"featured_media":35083,"comment_status":"closed","ping_status":"open","sticky":false,"template":"","format":"standard","meta":{"_lmt_disableupdate":"","_lmt_disable":"","_jetpack_memberships_contains_paid_content":false,"footnotes":""},"categories":[109,46],"tags":[],"class_list":["post-35081","post","type-post","status-publish","format-standard","has-post-thumbnail","hentry","category-minuto-a-minuto","category-zona-blanca"],"jetpack_featured_media_url":"https:\/\/zonaroja.com.mx\/wp-content\/uploads\/2021\/12\/Planilla-morada-en-SSPO.jpg","jetpack_sharing_enabled":true,"_links":{"self":[{"href":"https:\/\/zonaroja.com.mx\/index.php?rest_route=\/wp\/v2\/posts\/35081","targetHints":{"allow":["GET"]}}],"collection":[{"href":"https:\/\/zonaroja.com.mx\/index.php?rest_route=\/wp\/v2\/posts"}],"about":[{"href":"https:\/\/zonaroja.com.mx\/index.php?rest_route=\/wp\/v2\/types\/post"}],"author":[{"embeddable":true,"href":"https:\/\/zonaroja.com.mx\/index.php?rest_route=\/wp\/v2\/users\/2"}],"replies":[{"embeddable":true,"href":"https:\/\/zonaroja.com.mx\/index.php?rest_route=%2Fwp%2Fv2%2Fcomments&post=35081"}],"version-history":[{"count":1,"href":"https:\/\/zonaroja.com.mx\/index.php?rest_route=\/wp\/v2\/posts\/35081\/revisions"}],"predecessor-version":[{"id":35084,"href":"https:\/\/zonaroja.com.mx\/index.php?rest_route=\/wp\/v2\/posts\/35081\/revisions\/35084"}],"wp:featuredmedia":[{"embeddable":true,"href":"https:\/\/zonaroja.com.mx\/index.php?rest_route=\/wp\/v2\/media\/35083"}],"wp:attachment":[{"href":"https:\/\/zonaroja.com.mx\/index.php?rest_route=%2Fwp%2Fv2%2Fmedia&parent=35081"}],"wp:term":[{"taxonomy":"category","embeddable":true,"href":"https:\/\/zonaroja.com.mx\/index.php?rest_route=%2Fwp%2Fv2%2Fcategories&post=35081"},{"taxonomy":"post_tag","embeddable":true,"href":"https:\/\/zonaroja.com.mx\/index.php?rest_route=%2Fwp%2Fv2%2Ftags&post=35081"}],"curies":[{"name":"wp","href":"https:\/\/api.w.org\/{rel}","templated":true}]}}