{"id":35085,"date":"2021-12-06T15:38:02","date_gmt":"2021-12-06T21:38:02","guid":{"rendered":"http:\/\/www.zonaroja.com.mx\/?p=35085"},"modified":"2021-12-06T15:49:55","modified_gmt":"2021-12-06T21:49:55","slug":"otro-dia-de-crisis-e-ingobernabilidad-en-oaxaca-ante-incapacidad-de-segego","status":"publish","type":"post","link":"https:\/\/zonaroja.com.mx\/?p=35085","title":{"rendered":"Otro d\u00eda de crisis e ingobernabilidad en Oaxaca, ante incapacidad de Segego"},"content":{"rendered":"\n<p>Yuridiana Sosa\/Zona Roja.<\/p>\n\n\n\n<p>Oaxaca de Ju\u00e1rez, Oax., 6 de diciembre de 2021.- La Secretar\u00eda General de Gobierno (Segego) de Oaxaca no puede mantener la gobernabilidad en el estado.<\/p>\n\n\n\n<p>Organizaciones sociales, sindicatos, trabajadores del sector salud y vecinos de la capital, se manifestaron de forma separada, con bloqueos y marchas, que causaron un caos en el municipio de Oaxaca de Ju\u00e1rez.<\/p>\n\n\n\n<p>Con estas movilizaciones, la recta final del a\u00f1o contabiliza dos semanas consecutivas de protestas en la capital para exigir mesas de di\u00e1logo con las autoridades estatales, sin que se distinga acci\u00f3n de la dependencia que encabeza Francisco Garc\u00eda L\u00f3pez para desactivar o dar soluci\u00f3n a las quejas, ni siquiera porque estos bloqueos ya afectan la llegada de turistas.<\/p>\n\n\n\n<p>Desde temprana, integrantes del Movimiento de Unificaci\u00f3n y Lucha Triqui (MULT) y la Asamblea de los Pueblos Ind\u00edgenas (API) marcharon de forma masiva desde el crucero de Trinidad de Viguera, al oriente de la capital sobre la carretera federal 190, al z\u00f3calo de la ciudad.<\/p>\n\n\n\n<p>Los originarios de los pueblos ind\u00edgenas triquis de Oaxaca se manifestaron en el marco del aniversario luctuoso n\u00famero 11 de Heriberto Pazos Ortiz y aprovecharon para manifestar su apoyo a la reforma el\u00e9ctrica y para promover la ratificaci\u00f3n del mandato del presidente Andr\u00e9s Manuel L\u00f3pez Obrador.<\/p>\n\n\n\n<figure class=\"wp-block-embed is-type-rich is-provider-twitter wp-block-embed-twitter\"><div class=\"wp-block-embed__wrapper\">\n<div class=\"twitter-tweet\"><blockquote class=\"twitter-tweet\" data-lang=\"es\"><p lang=\"es\" dir=\"ltr\"><a href=\"https:\/\/twitter.com\/hashtag\/%C3%9AltimoMinuto?src=hash&amp;ref_src=twsrc%5Etfw\">#\u00daltimoMinuto<\/a> <br>Inicia en <a href=\"https:\/\/twitter.com\/hashtag\/Oaxaca?src=hash&amp;ref_src=twsrc%5Etfw\">#Oaxaca<\/a> otra semana de protestas y bloqueos.<br>Triquis marchan del oriente al centro de la capital, por el aniversario luctuoso de Heriberto Pazos.<br>El STAUO comienza jornada de cierres viales.<br>Una organizaci\u00f3n social \u201ctoma\u201d la caseta de peaje de Huitzo. <a href=\"https:\/\/t.co\/T0sRCpwqfa\">pic.twitter.com\/T0sRCpwqfa<\/a><\/p>&mdash; Zona Roja Oaxaca (@Zona_Roja_Oax) <a href=\"https:\/\/twitter.com\/Zona_Roja_Oax\/status\/1467853633215684612?ref_src=twsrc%5Etfw\">6 de diciembre de 2021<\/a><\/blockquote><\/div>\n<\/div><\/figure>\n\n\n\n<p>En el interior del estado, principalmente en la regi\u00f3n Mixteca, tambi\u00e9n efectuaron movilizaciones.<\/p>\n\n\n\n<p>En tanto, vecinos de la colonia Santa Mar\u00eda instalaron un bloqueo en la carretera del cerro del Fort\u00edn, para exigir al gobierno municipal que encabeza Oswaldo Garc\u00eda Jarqu\u00edn la conclusi\u00f3n de la obra de drenaje, de la calle de Divisi\u00f3n Oriente, pues en menos de un mes deja el cargo.<\/p>\n\n\n\n<p>Los capitalinos colocaron sobre la carretera 190 ramas, cubetas, piedras y llantas para impedir el paso vehicular sobre esta importante vialidad que comunica con los diferentes puntos de la ciudad; despu\u00e9s del mediod\u00eda lo retiraron<\/p>\n\n\n\n<figure class=\"wp-block-embed is-type-rich is-provider-twitter wp-block-embed-twitter\"><div class=\"wp-block-embed__wrapper\">\n<div class=\"twitter-tweet\"><blockquote class=\"twitter-tweet\" data-lang=\"es\"><p lang=\"es\" dir=\"ltr\"><a href=\"https:\/\/twitter.com\/hashtag\/%C3%9AltimoMinuto?src=hash&amp;ref_src=twsrc%5Etfw\">#\u00daltimoMinuto<\/a><br>Crece la ingobernabilidad en <a href=\"https:\/\/twitter.com\/hashtag\/Oaxaca?src=hash&amp;ref_src=twsrc%5Etfw\">#Oaxaca<\/a>.<br>Ahora, habitantes de la colonia  Santa Mar\u00eda, bloquean la circulaci\u00f3n en la carretera del cerro de \u201cFort\u00edn\u201d; exigen al <a href=\"https:\/\/twitter.com\/MunicipioOaxaca?ref_src=twsrc%5Etfw\">@MunicipioOaxaca<\/a> culminar obra inconclusa. <a href=\"https:\/\/t.co\/7OvBWD35iv\">pic.twitter.com\/7OvBWD35iv<\/a><\/p>&mdash; Zona Roja Oaxaca (@Zona_Roja_Oax) <a href=\"https:\/\/twitter.com\/Zona_Roja_Oax\/status\/1467869526213611520?ref_src=twsrc%5Etfw\">6 de diciembre de 2021<\/a><\/blockquote><\/div>\n<\/div><\/figure>\n\n\n\n<p>TAMBI\u00c9N SINDICATOS<\/p>\n\n\n\n<p>Mientras que integrantes del Sindicato de Trabajadores y Empleados de la Universidad Benito Ju\u00e1rez de Oaxaca (STEUABJO) y del Sindicato de Trabajadores y Acad\u00e9micos de la Universidad de Oaxaca (STAUO), por separado, continuaron con bloqueos en el Centro Hist\u00f3rico y calles vecinas al primer cuadro de la ciudad.<\/p>\n\n\n\n<p>Un grupo de sindicalizados del STAUO encabez\u00f3 por unas horas una serie de cierres viales, con la \u201ctoma\u201d de las Facultades de Medicina, Arquitectura y Rector\u00eda en Ciudad Universitaria y anunci\u00f3 paro de labores de forma indefinida.<\/p>\n\n\n\n<p>Por su parte, un grupo reducido de integrantes del STEUABJO, que preside Julio C\u00e9sar Mora \u201ctomaron\u201d, cerraron por unos minutos la avenida S\u00edmbolos Patrios.<\/p>\n\n\n\n<figure class=\"wp-block-embed is-type-rich is-provider-twitter wp-block-embed-twitter\"><div class=\"wp-block-embed__wrapper\">\n<div class=\"twitter-tweet\"><blockquote class=\"twitter-tweet\" data-lang=\"es\"><p lang=\"es\" dir=\"ltr\"><a href=\"https:\/\/twitter.com\/hashtag\/%C3%9AltimoMinuto?src=hash&amp;ref_src=twsrc%5Etfw\">#\u00daltimoMinuto<\/a> <br>La marcha de dirigentes de sindicatos de los <a href=\"https:\/\/twitter.com\/SSO_GobOax?ref_src=twsrc%5Etfw\">@SSO_GobOax<\/a> llega a las oficinas de la dependencia en el Centro Hist\u00f3rico de la ciudad de <a href=\"https:\/\/twitter.com\/hashtag\/Oaxaca?src=hash&amp;ref_src=twsrc%5Etfw\">#Oaxaca<\/a>; tiene el respaldo de representantes gremiales de diversas entidades del pa\u00eds. <a href=\"https:\/\/t.co\/kylALLQHFb\">pic.twitter.com\/kylALLQHFb<\/a><\/p>&mdash; Zona Roja Oaxaca (@Zona_Roja_Oax) <a href=\"https:\/\/twitter.com\/Zona_Roja_Oax\/status\/1467914374765428737?ref_src=twsrc%5Etfw\">6 de diciembre de 2021<\/a><\/blockquote><\/div>\n<\/div><\/figure>\n\n\n\n<p>MARCHAN POR SALUD<\/p>\n\n\n\n<p>Otra movilizaci\u00f3n se registr\u00f3 por trabajadores del sector salud, que agrupados en la Coordinadora de Sindicatos de Salud marcharon para exigir la recontrataci\u00f3n del personal despedido entre agosto y septiembre pasado.<\/p>\n\n\n\n<p>A esta movilizaci\u00f3n se integr\u00f3 como apoyo la organizaci\u00f3n priista, Antorcha Campesina, que anteriormente anunci\u00f3 su respaldo a esta jornada.<\/p>\n\n\n\n<p>Los inconformes se desplazaron de la fuente de las Ocho Regiones, al norte de la capital sobre la calzada Porfirio D\u00edaz, con destino al z\u00f3calo.<\/p>\n\n\n\n<p>Para este inicio de semana tambi\u00e9n se registr\u00f3 la \u201ctoma\u201d de la caseta de Peaje de Huitzo, por parte de una organizaci\u00f3n social.\u00a0<\/p>\n\n\n\n<figure class=\"wp-block-embed is-type-rich is-provider-twitter wp-block-embed-twitter\"><div class=\"wp-block-embed__wrapper\">\n<div class=\"twitter-tweet\"><blockquote class=\"twitter-tweet\" data-lang=\"es\"><p lang=\"es\" dir=\"ltr\"><a href=\"https:\/\/twitter.com\/hashtag\/%C3%9AltimoMinuto?src=hash&amp;ref_src=twsrc%5Etfw\">#\u00daltimoMinuto<\/a> <br>A la crisis de ingobernabilidad en <a href=\"https:\/\/twitter.com\/hashtag\/Oaxaca?src=hash&amp;ref_src=twsrc%5Etfw\">#Oaxaca<\/a>, a falta de atenci\u00f3n de la <a href=\"https:\/\/twitter.com\/SEGEGO_GobOax?ref_src=twsrc%5Etfw\">@SEGEGO_GobOax<\/a>, se sum\u00f3 hoy una fracci\u00f3n del <a href=\"https:\/\/twitter.com\/STEUABJO?ref_src=twsrc%5Etfw\">@STEUABJO<\/a>, por l\u00edos internos. <br>Por unos minutos bloque\u00f3 la avenida S\u00edmbolos Patrios, al sur de la capital. <a href=\"https:\/\/t.co\/QHw8sjVeDw\">pic.twitter.com\/QHw8sjVeDw<\/a><\/p>&mdash; Zona Roja Oaxaca (@Zona_Roja_Oax) <a href=\"https:\/\/twitter.com\/Zona_Roja_Oax\/status\/1467963581253791748?ref_src=twsrc%5Etfw\">6 de diciembre de 2021<\/a><\/blockquote><\/div>\n<\/div><\/figure>\n","protected":false},"excerpt":{"rendered":"<p>Yuridiana Sosa\/Zona Roja. Oaxaca de Ju\u00e1rez, Oax., 6 de diciembre de 2021.- La Secretar\u00eda General&hellip;<\/p>\n","protected":false},"author":2,"featured_media":35087,"comment_status":"closed","ping_status":"open","sticky":false,"template":"","format":"standard","meta":{"_lmt_disableupdate":"","_lmt_disable":"","_jetpack_memberships_contains_paid_content":false,"footnotes":""},"categories":[1],"tags":[],"class_list":["post-35085","post","type-post","status-publish","format-standard","has-post-thumbnail","hentry","category-sin-categoria"],"jetpack_featured_media_url":"https:\/\/zonaroja.com.mx\/wp-content\/uploads\/2021\/12\/da21a5c8-0c63-4b2a-a055-38c8b718412c.jpg","jetpack_sharing_enabled":true,"_links":{"self":[{"href":"https:\/\/zonaroja.com.mx\/index.php?rest_route=\/wp\/v2\/posts\/35085","targetHints":{"allow":["GET"]}}],"collection":[{"href":"https:\/\/zonaroja.com.mx\/index.php?rest_route=\/wp\/v2\/posts"}],"about":[{"href":"https:\/\/zonaroja.com.mx\/index.php?rest_route=\/wp\/v2\/types\/post"}],"author":[{"embeddable":true,"href":"https:\/\/zonaroja.com.mx\/index.php?rest_route=\/wp\/v2\/users\/2"}],"replies":[{"embeddable":true,"href":"https:\/\/zonaroja.com.mx\/index.php?rest_route=%2Fwp%2Fv2%2Fcomments&post=35085"}],"version-history":[{"count":1,"href":"https:\/\/zonaroja.com.mx\/index.php?rest_route=\/wp\/v2\/posts\/35085\/revisions"}],"predecessor-version":[{"id":35086,"href":"https:\/\/zonaroja.com.mx\/index.php?rest_route=\/wp\/v2\/posts\/35085\/revisions\/35086"}],"wp:featuredmedia":[{"embeddable":true,"href":"https:\/\/zonaroja.com.mx\/index.php?rest_route=\/wp\/v2\/media\/35087"}],"wp:attachment":[{"href":"https:\/\/zonaroja.com.mx\/index.php?rest_route=%2Fwp%2Fv2%2Fmedia&parent=35085"}],"wp:term":[{"taxonomy":"category","embeddable":true,"href":"https:\/\/zonaroja.com.mx\/index.php?rest_route=%2Fwp%2Fv2%2Fcategories&post=35085"},{"taxonomy":"post_tag","embeddable":true,"href":"https:\/\/zonaroja.com.mx\/index.php?rest_route=%2Fwp%2Fv2%2Ftags&post=35085"}],"curies":[{"name":"wp","href":"https:\/\/api.w.org\/{rel}","templated":true}]}}