{"id":35095,"date":"2021-12-06T20:38:31","date_gmt":"2021-12-07T02:38:31","guid":{"rendered":"https:\/\/www.zonaroja.com.mx\/?p=35095"},"modified":"2021-12-06T20:38:33","modified_gmt":"2021-12-07T02:38:33","slug":"que-los-ratas-sepan-que-estamos-organizados-que-ya-estamos-hasta-la-madre","status":"publish","type":"post","link":"https:\/\/zonaroja.com.mx\/?p=35095","title":{"rendered":"\u201c\u00a1Que los ratas sepan que estamos organizados! \u00a1Que ya estamos hasta la madre!\u201d"},"content":{"rendered":"\n<p>Yuridiana Sosa\/ Zona Roja.<\/p>\n\n\n\n<p>Oaxaca de Ju\u00e1rez, Oax., 6 de diciembre de 2021.- Un peque\u00f1o se coloca a la espalda del presunto delincuente amarrado a un poste. Baja la cabeza. Observa. Calla. No entiende. S\u00f3lo ve un hombre ensangrentado.<\/p>\n\n\n\n<p>Pero los que gritan y est\u00e1n irritados son los vecinos y comerciantes de los mercados \u201c20 de Noviembre\u201d y \u201cBenito Ju\u00e1rez\u201d.<\/p>\n\n\n\n<p>\u201c\u00a1Lo que nos interesa es que la gente sepa y que los ratas sepan que estamos organizados! \u00a1Que ya estamos hasta la madre de sus pendejadas!\u201d, dice uno que ayud\u00f3 a capturar al ladr\u00f3n.<\/p>\n\n\n\n<p>Diez minutos antes del mediod\u00eda surge la alarma en las redes sociales: \u00a1Amarraron a un ladr\u00f3n y lo quieren linchar!&nbsp;<\/p>\n\n\n\n<p>El bullicio en la esquina de las calles de Aldama y 20 de Noviembre, en el Centro Hist\u00f3rico de la capital de Oaxaca, es inusual al medio d\u00eda de&nbsp;este lunes; el alboroto obedece a la detenci\u00f3n de un ratero por parte de los comerciantes.<\/p>\n\n\n\n<p>Con la espalda contra un poste, atado de manos y sin camisa, el presunto delincuente escucha con la cabeza abajo el c\u00f3lera de sus v\u00edctimas, de sus captores.<\/p>\n\n\n\n<p>\u201c\u00a1En este caso mejor lo hubiera uno matado!\u201d, argumenta con coraje una vendedora, harta de que la Polic\u00eda Municipal de la capital no act\u00fae con prontitud.<\/p>\n\n\n\n<p>Harta que no haya justicia y los rateros salgan libres de forma inmediata, mientras que como trabajadores se ven amenazados por la delincuencia.<\/p>\n\n\n\n<p>En el Centro Hist\u00f3rico, m\u00e1s de d\u00eda que&nbsp;de noche, la inseguridad gobierna y amenaza a los transe\u00fantes y vendedores.<\/p>\n\n\n\n<p>Por eso,&nbsp;este lunes, como tambi\u00e9n lo fue el domingo, comerciantes organizados de la calle de Aldama atraparon y amarraron a un presunto ladr\u00f3n que rob\u00f3 el celular de do\u00f1a Ana Mar\u00eda, vendedora de un local establecido en esa calle.<\/p>\n\n\n\n<p>Los primeros en llegar hasta el punto de la retenci\u00f3n, casi frente a la iglesia de San Juan de Dios, son elementos de Polic\u00eda Tur\u00edstica; despu\u00e9s tres elementos de la Agencia Estatal de Investigaci\u00f3n (AEI) de la Fiscal\u00eda de Oaxaca, mientras que s\u00f3lo una patrulla de la Polic\u00eda Municipal de la capital pas\u00f3 por el lugar.<\/p>\n\n\n\n<p>El hombre, quien se identific\u00f3 como \u201cJorge\u201d, presenta algunos golpes en su cuerpo, pero no se queja, s\u00f3lo escucha y soporta la mirada inquisidora de los transe\u00fantes, hombres, mujeres y ni\u00f1os que pasan a su costado.<\/p>\n\n\n\n<figure class=\"wp-block-embed\"><div class=\"wp-block-embed__wrapper\">\n<div class=\"twitter-tweet\"><blockquote class=\"twitter-tweet\" data-lang=\"es\"><p lang=\"es\" dir=\"ltr\">Este es el testimonio de la comerciante que fue asaltada en el centro de la ciudad de <a href=\"https:\/\/twitter.com\/hashtag\/Oaxaca?src=hash&amp;ref_src=twsrc%5Etfw\">#Oaxaca<\/a> y cuyo maleante pretend\u00edan linchar. <br>Apenas ayer sucedi\u00f3 un hecho similar, cuando los vecinos y vendedores, a falta de polic\u00edas municipales, amarraron a otro ladr\u00f3n. <a href=\"https:\/\/t.co\/79GF2M5lQ3\">pic.twitter.com\/79GF2M5lQ3<\/a><\/p>&mdash; Zona Roja Oaxaca (@Zona_Roja_Oax) <a href=\"https:\/\/twitter.com\/Zona_Roja_Oax\/status\/1468009547507798019?ref_src=twsrc%5Etfw\">7 de diciembre de 2021<\/a><\/blockquote><\/div>\n<\/div><\/figure>\n\n\n\n<p>\u201cJorge\u201d posiblemente pertenece a la banda que opera en la zona, apuntan los comerciantes.<\/p>\n\n\n\n<p>M\u00e1s de 15 minutos y la Polic\u00eda Municipal no llega, y la gente m\u00e1s se enoja, porque no es la primera vez que la seguridad los abandona.&nbsp;&nbsp;<\/p>\n\n\n\n<p>LA PERSECUCI\u00d3N<\/p>\n\n\n\n<p>Do\u00f1a Ana Mar\u00eda, decidida a presentar la denuncia formal, cuenta que el robo se cometi\u00f3 dentro del lugar donde trabaja.<\/p>\n\n\n\n<p>Cuando atend\u00eda a una mujer -posiblemente c\u00f3mplice del hombre- perdi\u00f3 de vista su tel\u00e9fono, lo cual aprovech\u00f3 el sujeto para hurtarlo y salir corriendo.<\/p>\n\n\n\n<p>De forma inmediata la mujer alert\u00f3 a sus vecinos quienes le dieron alcance en la calle de Arista y 20 de Noviembre &#8211;cerca de oficinas de la Fiscal\u00eda de Oaxaca&#8211; mientras intentaba huir a bordo de un coche.<\/p>\n\n\n\n<p>\u201c\u00a1Lo que nos interesa es que la gente sepa y que los ratas sepan que estamos organizados! \u00a1Que ya estamos hasta la madre de sus pendejadas!\u201d, refiere un vendedor.<\/p>\n\n\n\n<p>Para eso, los comerciantes han creado grupos de Whatsapp para que se avisen de cualquier evento delictivo para todos ayudar con la detenci\u00f3n de un ladr\u00f3n.<\/p>\n\n\n\n<p>Los delitos en la zona centro tambi\u00e9n han alcanzado a los turistas que ya regresan a la entidad para fin de a\u00f1o, a quienes les roban hasta su documentaci\u00f3n.<\/p>\n\n\n\n<p>\u201cJorge\u201d dice que es de la capital, se traslada en coche y ahora ya est\u00e1 identificado por los comerciantes, los verdaderos vigilantes de su ciudad.&nbsp;<\/p>\n\n\n\n<p>Cuarenta minutos despu\u00e9s termina el martirio del ladr\u00f3n; lo revisan param\u00e9dicos de la Cruz Roja y se lo llevan elementos de investigaci\u00f3n al Ministerio P\u00fablico. Los vecinos no est\u00e1n satisfechos, porque saben que de un momento a otro saldr\u00e1 libre.<\/p>\n\n\n\n<p>\u201cPinches rateros, a la otra le damos una chinga m\u00e1s fuerte\u201d, masculla. La ciudad vuelve a su normalidad: la de los plantones, la de los bloqueos, la de las marchas\u2026 y la de la delincuencia.<\/p>\n","protected":false},"excerpt":{"rendered":"<p>Yuridiana Sosa\/ Zona Roja. Oaxaca de Ju\u00e1rez, Oax., 6 de diciembre de 2021.- Un peque\u00f1o&hellip;<\/p>\n","protected":false},"author":2,"featured_media":35094,"comment_status":"closed","ping_status":"open","sticky":false,"template":"","format":"standard","meta":{"_lmt_disableupdate":"","_lmt_disable":"","_jetpack_memberships_contains_paid_content":false,"footnotes":""},"categories":[109,47],"tags":[148],"class_list":["post-35095","post","type-post","status-publish","format-standard","has-post-thumbnail","hentry","category-minuto-a-minuto","category-zona-gris","tag-oaxaca-de-juarez"],"jetpack_featured_media_url":"https:\/\/zonaroja.com.mx\/wp-content\/uploads\/2021\/12\/ladro\u0301n-detenido-intento-linchar-ciudad-de-oaxaca.jpg","jetpack_sharing_enabled":true,"_links":{"self":[{"href":"https:\/\/zonaroja.com.mx\/index.php?rest_route=\/wp\/v2\/posts\/35095","targetHints":{"allow":["GET"]}}],"collection":[{"href":"https:\/\/zonaroja.com.mx\/index.php?rest_route=\/wp\/v2\/posts"}],"about":[{"href":"https:\/\/zonaroja.com.mx\/index.php?rest_route=\/wp\/v2\/types\/post"}],"author":[{"embeddable":true,"href":"https:\/\/zonaroja.com.mx\/index.php?rest_route=\/wp\/v2\/users\/2"}],"replies":[{"embeddable":true,"href":"https:\/\/zonaroja.com.mx\/index.php?rest_route=%2Fwp%2Fv2%2Fcomments&post=35095"}],"version-history":[{"count":1,"href":"https:\/\/zonaroja.com.mx\/index.php?rest_route=\/wp\/v2\/posts\/35095\/revisions"}],"predecessor-version":[{"id":35096,"href":"https:\/\/zonaroja.com.mx\/index.php?rest_route=\/wp\/v2\/posts\/35095\/revisions\/35096"}],"wp:featuredmedia":[{"embeddable":true,"href":"https:\/\/zonaroja.com.mx\/index.php?rest_route=\/wp\/v2\/media\/35094"}],"wp:attachment":[{"href":"https:\/\/zonaroja.com.mx\/index.php?rest_route=%2Fwp%2Fv2%2Fmedia&parent=35095"}],"wp:term":[{"taxonomy":"category","embeddable":true,"href":"https:\/\/zonaroja.com.mx\/index.php?rest_route=%2Fwp%2Fv2%2Fcategories&post=35095"},{"taxonomy":"post_tag","embeddable":true,"href":"https:\/\/zonaroja.com.mx\/index.php?rest_route=%2Fwp%2Fv2%2Ftags&post=35095"}],"curies":[{"name":"wp","href":"https:\/\/api.w.org\/{rel}","templated":true}]}}