{"id":3510,"date":"2019-08-29T19:01:51","date_gmt":"2019-08-30T00:01:51","guid":{"rendered":"http:\/\/www.zonaroja.com.mx\/?p=3510"},"modified":"2019-08-29T19:01:54","modified_gmt":"2019-08-30T00:01:54","slug":"ahora-atacan-a-balazos-a-una-mujer-en-la-ciudad-de-tuxtepec","status":"publish","type":"post","link":"https:\/\/zonaroja.com.mx\/?p=3510","title":{"rendered":"Ahora atacan a balazos a una mujer, en la ciudad de Tuxtepec"},"content":{"rendered":"\n<p>Redacci\u00f3n\/Zona\nRoja.<\/p>\n\n\n\n<p>Oaxaca de\nJu\u00e1rez, Oax., 29 de agosto de 2019.- A escasas horas de un feminicidio en la\nregi\u00f3n Valles Centrales del estado de Oaxaca, en la Cuenca del Papaloapan una\nmujer fue agredida a balazos.<\/p>\n\n\n\n<p>Los hechos\nocurrieron la tarde de este jueves mientras el titular de la Secretar\u00eda de\nSeguridad P\u00fablica (SSPO), Ernesto Rosales Salcedo, presid\u00eda una reuni\u00f3n en San\nJuan Bautista Tuxtepec.<\/p>\n\n\n\n<p>En un local comercial de Financiera \u201cIndependencia\u201d del centro de esa ciudad, fue lesionada a balazos una femenina identificada de manera preliminar como In\u00e9s Denisse, de 36 a\u00f1os de edad.<\/p>\n\n\n\n<figure class=\"wp-block-embed-twitter wp-block-embed is-type-rich is-provider-twitter\"><div class=\"wp-block-embed__wrapper\">\n<div class=\"twitter-tweet\"><blockquote class=\"twitter-tweet\" data-lang=\"es\"><p lang=\"es\" dir=\"ltr\">Instancias de los tres \u00f3rdenes de Gobierno seguimos trabajando por la seguridad y el bienestar de las ocho regiones de Oaxaca. Para ello, se re\u00fane el Srio. Ernesto Salcedo y <a href=\"https:\/\/twitter.com\/KarinaBaronO?ref_src=twsrc%5Etfw\">@KarinaBaronO<\/a>, con autoridades municipales de la <a href=\"https:\/\/twitter.com\/hashtag\/cuenca?src=hash&amp;ref_src=twsrc%5Etfw\">#cuenca<\/a>; se establecen acciones operativas coordinadas. <a href=\"https:\/\/t.co\/HTpPghLo2j\">pic.twitter.com\/HTpPghLo2j<\/a><\/p>&mdash; Sr\u00eda. Seg. P\u00fab. Oax. (@SSP_GobOax) <a href=\"https:\/\/twitter.com\/SSP_GobOax\/status\/1167179918083592192?ref_src=twsrc%5Etfw\">29 de agosto de 2019<\/a><\/blockquote><\/div>\n<\/div><\/figure>\n\n\n\n<p>Presuntamente\nfue a causa de un asalto a la empresa en que se desat\u00f3 la balacera en dicha\nzona comercial, ubicada en el bulevar Benito Ju\u00e1rez esquina con Independencia,\ncolonia La Piragua.<\/p>\n\n\n\n<p>La mujer,\ntrabajadora de dicha financiera, fue trasladada por una ambulancia de la Cruz Roja\nMexicana, para recibir atenci\u00f3n m\u00e9dica, por una lesi\u00f3n en la pierna causada por\ndisparos de arma de fuego.<\/p>\n\n\n\n<p>Tras los\nhechos, arribaron elementos de la Vicefiscal\u00eda Regional de la Cuenca, de la\nPolic\u00eda Estatal, la Guardia Nacional y la Polic\u00eda Municipal. Pese a la\nb\u00fasqueda, a\u00fan no hay probables responsables de la agresi\u00f3n armada.<\/p>\n","protected":false},"excerpt":{"rendered":"<p>Redacci\u00f3n\/Zona Roja. Oaxaca de Ju\u00e1rez, Oax., 29 de agosto de 2019.- A escasas horas de&hellip;<\/p>\n","protected":false},"author":2,"featured_media":3511,"comment_status":"closed","ping_status":"open","sticky":false,"template":"","format":"standard","meta":{"_lmt_disableupdate":"","_lmt_disable":"","_jetpack_memberships_contains_paid_content":false,"footnotes":""},"categories":[109,51],"tags":[118],"class_list":["post-3510","post","type-post","status-publish","format-standard","has-post-thumbnail","hentry","category-minuto-a-minuto","category-zona-roja","tag-san-juan-bautista-tuxtepec"],"jetpack_featured_media_url":"https:\/\/zonaroja.com.mx\/wp-content\/uploads\/2019\/08\/ayuda.jpg","jetpack_sharing_enabled":true,"_links":{"self":[{"href":"https:\/\/zonaroja.com.mx\/index.php?rest_route=\/wp\/v2\/posts\/3510","targetHints":{"allow":["GET"]}}],"collection":[{"href":"https:\/\/zonaroja.com.mx\/index.php?rest_route=\/wp\/v2\/posts"}],"about":[{"href":"https:\/\/zonaroja.com.mx\/index.php?rest_route=\/wp\/v2\/types\/post"}],"author":[{"embeddable":true,"href":"https:\/\/zonaroja.com.mx\/index.php?rest_route=\/wp\/v2\/users\/2"}],"replies":[{"embeddable":true,"href":"https:\/\/zonaroja.com.mx\/index.php?rest_route=%2Fwp%2Fv2%2Fcomments&post=3510"}],"version-history":[{"count":1,"href":"https:\/\/zonaroja.com.mx\/index.php?rest_route=\/wp\/v2\/posts\/3510\/revisions"}],"predecessor-version":[{"id":3512,"href":"https:\/\/zonaroja.com.mx\/index.php?rest_route=\/wp\/v2\/posts\/3510\/revisions\/3512"}],"wp:featuredmedia":[{"embeddable":true,"href":"https:\/\/zonaroja.com.mx\/index.php?rest_route=\/wp\/v2\/media\/3511"}],"wp:attachment":[{"href":"https:\/\/zonaroja.com.mx\/index.php?rest_route=%2Fwp%2Fv2%2Fmedia&parent=3510"}],"wp:term":[{"taxonomy":"category","embeddable":true,"href":"https:\/\/zonaroja.com.mx\/index.php?rest_route=%2Fwp%2Fv2%2Fcategories&post=3510"},{"taxonomy":"post_tag","embeddable":true,"href":"https:\/\/zonaroja.com.mx\/index.php?rest_route=%2Fwp%2Fv2%2Ftags&post=3510"}],"curies":[{"name":"wp","href":"https:\/\/api.w.org\/{rel}","templated":true}]}}