{"id":35118,"date":"2021-12-07T12:12:55","date_gmt":"2021-12-07T18:12:55","guid":{"rendered":"https:\/\/www.zonaroja.com.mx\/?p=35118"},"modified":"2021-12-07T12:12:59","modified_gmt":"2021-12-07T18:12:59","slug":"declina-proyecto-marron-en-favor-de-la-planilla-morada-para-el-stspeidceo","status":"publish","type":"post","link":"https:\/\/zonaroja.com.mx\/?p=35118","title":{"rendered":"Declina proyecto Marr\u00f3n en favor de la Planilla Morada, para el STSPEIDCEO"},"content":{"rendered":"\n<p>Redacci\u00f3n\/Zona Roja. <\/p>\n\n\n\n<p>Oaxaca de Ju\u00e1rez, Oax., 7 de diciembre de 2021.- Sindicalizados del Gobierno del Estado de Oaxaca identificados con la corriente pol\u00edtica Marr\u00f3n, declinaron en favor de la Planilla Morada, al considerar que son tiempos de impulsar la transparencia, rendici\u00f3n de cuentas y acabar con la corrupci\u00f3n. <\/p>\n\n\n\n<p>El grupo Marr\u00f3n reconoci\u00f3 que la Planilla Morada que encabeza Jos\u00e9 Arturo S\u00e1nchez D\u00edaz es un proyecto transparente, que no rinde pleites\u00eda y que busca mejoras para la base laboral, al frente del STSPEIDCEO. <\/p>\n\n\n\n<p>\u201cEn estos tiempos de pandemia sufrimos como muchos las p\u00e9rdidas irreparables de compa\u00f1eros adheridas en este grupo, piezas fundamentales para nuestros cometidos sindicales&#8230;<\/p>\n\n\n\n<p>\u201cEs por eso que como corriente pol\u00edtica declinamos a favor nuestros compa\u00f1eros de la Planilla Morada\u201d, expusieron mediante un comunicado. <\/p>\n\n\n\n<p>En este tenor, puntualizaron que es tiempo de quitar al grupo de poder que se han beneficiado a costa de los trabajadores \u201ces tiempo de quitar dirigentes sindicales pervertidos\u201d.<\/p>\n\n\n\n<p>\u201cLleg\u00f3 el momento de cambiar a l\u00edderes sindicales que han permanecido por varios trienios frente a sindicatos e impulsar la transparencia, rendici\u00f3n de cuentas y acabar con la corrupci\u00f3n\u201d, a\u00f1adieron. <\/p>\n\n\n\n<p>El grupo Marr\u00f3n hizo este llamado y pidi\u00f3 votar por la Planilla Morada. <\/p>\n","protected":false},"excerpt":{"rendered":"<p>Redacci\u00f3n\/Zona Roja. Oaxaca de Ju\u00e1rez, Oax., 7 de diciembre de 2021.- Sindicalizados del Gobierno del&hellip;<\/p>\n","protected":false},"author":2,"featured_media":35117,"comment_status":"closed","ping_status":"open","sticky":false,"template":"","format":"standard","meta":{"_lmt_disableupdate":"","_lmt_disable":"","_jetpack_memberships_contains_paid_content":false,"footnotes":""},"categories":[109,46],"tags":[],"class_list":["post-35118","post","type-post","status-publish","format-standard","has-post-thumbnail","hentry","category-minuto-a-minuto","category-zona-blanca"],"jetpack_featured_media_url":"https:\/\/zonaroja.com.mx\/wp-content\/uploads\/2021\/12\/7e1a12f1-6e68-40ae-a20f-dc24d5320292.jpg","jetpack_sharing_enabled":true,"_links":{"self":[{"href":"https:\/\/zonaroja.com.mx\/index.php?rest_route=\/wp\/v2\/posts\/35118","targetHints":{"allow":["GET"]}}],"collection":[{"href":"https:\/\/zonaroja.com.mx\/index.php?rest_route=\/wp\/v2\/posts"}],"about":[{"href":"https:\/\/zonaroja.com.mx\/index.php?rest_route=\/wp\/v2\/types\/post"}],"author":[{"embeddable":true,"href":"https:\/\/zonaroja.com.mx\/index.php?rest_route=\/wp\/v2\/users\/2"}],"replies":[{"embeddable":true,"href":"https:\/\/zonaroja.com.mx\/index.php?rest_route=%2Fwp%2Fv2%2Fcomments&post=35118"}],"version-history":[{"count":1,"href":"https:\/\/zonaroja.com.mx\/index.php?rest_route=\/wp\/v2\/posts\/35118\/revisions"}],"predecessor-version":[{"id":35119,"href":"https:\/\/zonaroja.com.mx\/index.php?rest_route=\/wp\/v2\/posts\/35118\/revisions\/35119"}],"wp:featuredmedia":[{"embeddable":true,"href":"https:\/\/zonaroja.com.mx\/index.php?rest_route=\/wp\/v2\/media\/35117"}],"wp:attachment":[{"href":"https:\/\/zonaroja.com.mx\/index.php?rest_route=%2Fwp%2Fv2%2Fmedia&parent=35118"}],"wp:term":[{"taxonomy":"category","embeddable":true,"href":"https:\/\/zonaroja.com.mx\/index.php?rest_route=%2Fwp%2Fv2%2Fcategories&post=35118"},{"taxonomy":"post_tag","embeddable":true,"href":"https:\/\/zonaroja.com.mx\/index.php?rest_route=%2Fwp%2Fv2%2Ftags&post=35118"}],"curies":[{"name":"wp","href":"https:\/\/api.w.org\/{rel}","templated":true}]}}