{"id":35124,"date":"2021-12-07T15:29:43","date_gmt":"2021-12-07T21:29:43","guid":{"rendered":"https:\/\/www.zonaroja.com.mx\/?p=35124"},"modified":"2021-12-07T15:36:22","modified_gmt":"2021-12-07T21:36:22","slug":"vinculan-a-proceso-a-dirigente-de-frente-indigena-por-probable-homicidio-en-atatlahuca","status":"publish","type":"post","link":"https:\/\/zonaroja.com.mx\/?p=35124","title":{"rendered":"Vinculan a proceso a dirigente de Frente Ind\u00edgena por probable homicidio en Atatlahuca"},"content":{"rendered":"\n<p>Redacci\u00f3n\/Zona Roja.<\/p>\n\n\n\n<p>Oaxaca de Ju\u00e1rez, Oax., 7 de diciembre de 2021.- La Fiscal\u00eda General del Estado de Oaxaca (FGEO) obtuvo del Juzgado de Control, auto de vinculaci\u00f3n a proceso contra Juan Gabriel H. G., probable responsable de los delitos de homicidio doloso con ventaja cometido en Guerrero Grande, San Esteban Atatlahuca.<\/p>\n\n\n\n<p>El acusado es profesor, agente municipal de Guerrero Grande y dirigente del Frente Ind\u00edgena de Juxtlahuaca y est\u00e1 se\u00f1alado de asesinar a una mujer de nombre Serapia G., as\u00ed como de lesiones calificadas, cometidos en agosto de 2021.<\/p>\n\n\n\n<p>En un comunicado, la instituci\u00f3n de procuraci\u00f3n de justicia expuso que el probable responsable fue aprehendido el pasado 30 de noviembre de 2021 y presentado de forma inmediata ante la autoridad judicial que lo requiri\u00f3.<\/p>\n\n\n\n<p>De acuerdo con la causa penal 294\/2021, el 1 de agosto de 2021, las v\u00edctimas se encontraban reunidas en inmediaciones de la \u201cCasa de la Salud\u201d, ubicada en el centro de la localidad de Guerrero Grande, perteneciente al referido municipio, cuando el imputado -en compa\u00f1\u00eda de otras personas- probablemente particip\u00f3 en la agresi\u00f3n con disparos de arma de fuego, ataque en el que privaron de la vida a S. G. y lesionaron a otras personas.<\/p>\n\n\n\n<p>Ante estos hechos, la FGEO realiz\u00f3 los actos de investigaci\u00f3n correspondientes y resultado de la labor de la Vicefiscal\u00eda Regional de la Mixteca, se aportaron los datos de prueba suficientes para que el Juez en turno determinara vincular a proceso a Juan Gabriel H. G., imponiendo la medida cautelar de prisi\u00f3n preventiva y otorgando dos meses para el cierre de investigaci\u00f3n complementaria.<\/p>\n","protected":false},"excerpt":{"rendered":"<p>Redacci\u00f3n\/Zona Roja. Oaxaca de Ju\u00e1rez, Oax., 7 de diciembre de 2021.- La Fiscal\u00eda General del&hellip;<\/p>\n","protected":false},"author":2,"featured_media":34878,"comment_status":"closed","ping_status":"open","sticky":false,"template":"","format":"standard","meta":{"_lmt_disableupdate":"","_lmt_disable":"","_jetpack_memberships_contains_paid_content":false,"footnotes":""},"categories":[109,47],"tags":[],"class_list":["post-35124","post","type-post","status-publish","format-standard","has-post-thumbnail","hentry","category-minuto-a-minuto","category-zona-gris"],"jetpack_featured_media_url":"https:\/\/zonaroja.com.mx\/wp-content\/uploads\/2021\/12\/Detenido-Juan-Gabriel-Guerrero-Grande-Atatlahuca.jpg","jetpack_sharing_enabled":true,"_links":{"self":[{"href":"https:\/\/zonaroja.com.mx\/index.php?rest_route=\/wp\/v2\/posts\/35124","targetHints":{"allow":["GET"]}}],"collection":[{"href":"https:\/\/zonaroja.com.mx\/index.php?rest_route=\/wp\/v2\/posts"}],"about":[{"href":"https:\/\/zonaroja.com.mx\/index.php?rest_route=\/wp\/v2\/types\/post"}],"author":[{"embeddable":true,"href":"https:\/\/zonaroja.com.mx\/index.php?rest_route=\/wp\/v2\/users\/2"}],"replies":[{"embeddable":true,"href":"https:\/\/zonaroja.com.mx\/index.php?rest_route=%2Fwp%2Fv2%2Fcomments&post=35124"}],"version-history":[{"count":2,"href":"https:\/\/zonaroja.com.mx\/index.php?rest_route=\/wp\/v2\/posts\/35124\/revisions"}],"predecessor-version":[{"id":35126,"href":"https:\/\/zonaroja.com.mx\/index.php?rest_route=\/wp\/v2\/posts\/35124\/revisions\/35126"}],"wp:featuredmedia":[{"embeddable":true,"href":"https:\/\/zonaroja.com.mx\/index.php?rest_route=\/wp\/v2\/media\/34878"}],"wp:attachment":[{"href":"https:\/\/zonaroja.com.mx\/index.php?rest_route=%2Fwp%2Fv2%2Fmedia&parent=35124"}],"wp:term":[{"taxonomy":"category","embeddable":true,"href":"https:\/\/zonaroja.com.mx\/index.php?rest_route=%2Fwp%2Fv2%2Fcategories&post=35124"},{"taxonomy":"post_tag","embeddable":true,"href":"https:\/\/zonaroja.com.mx\/index.php?rest_route=%2Fwp%2Fv2%2Ftags&post=35124"}],"curies":[{"name":"wp","href":"https:\/\/api.w.org\/{rel}","templated":true}]}}