{"id":3513,"date":"2019-08-29T21:12:09","date_gmt":"2019-08-30T02:12:09","guid":{"rendered":"http:\/\/www.zonaroja.com.mx\/?p=3513"},"modified":"2019-08-29T21:12:11","modified_gmt":"2019-08-30T02:12:11","slug":"matrimonio-igualitario-reconocimiento-a-la-identidad-de-genero-diputada","status":"publish","type":"post","link":"https:\/\/zonaroja.com.mx\/?p=3513","title":{"rendered":"Matrimonio igualitario, reconocimiento a la identidad de g\u00e9nero: diputada"},"content":{"rendered":"\n<p>Redacci\u00f3n\/Zona\nRoja.<\/p>\n\n\n\n<p>Oaxaca de\nJu\u00e1rez, Oax., 29 de agosto de 2019.- La legalizaci\u00f3n del matrimonio entre\npersonas del mismo sexo y el concubinato igualitario, es un reconocimiento de\nla identidad de g\u00e9nero, afirm\u00f3 la diputada Magaly L\u00f3pez Dom\u00ednguez.<\/p>\n\n\n\n<p>\u201cLas\nreformas no son obra de quienes las propusimos, sino resultado de un largo\nproceso social empujado por personas y organizaciones, que en M\u00e9xico es visible\nal menos desde el movimiento estudiantil de 1968. Mucha sangre ha corrido en\nesta lucha. Mucha gente ha dado su vida en esta batalla, v\u00edctima de cr\u00edmenes de\nodio por homofobia\u201d, dijo.<\/p>\n\n\n\n<p>La\nlegisladora, una de las promoventes de la iniciativa, cuyo dictamen fue aprobado\nayer por la 64 Legislatura del Congreso del Estado, con 25 votos a favor y 10\nen contra, sostuvo que los derechos son construcciones hist\u00f3ricas. \u201cSon los\npueblos quienes los construyen. A nosotras y nosotros, como parte del Estado,\nnos toca reconocerlos\u201d.<\/p>\n\n\n\n<p>Expuso que con\nrespecto al matrimonio igualitario, incluso la Suprema Corte de Justicia ya\ndetermin\u00f3 que son derechos constitucionales y que incluso es inconstitucional\nla falta de reconocimiento de esos derechos espec\u00edficamente en el estado de\nOaxaca. <\/p>\n\n\n\n<p>\u201cAdem\u00e1s,\ncomo siempre, el derecho positivo est\u00e1 a la zaga de la realidad. Lo que legislamos\nya sucede en nuestra sociedad, que es mucho m\u00e1s abierta de lo que parece. Hoy\ntenemos oportunidad de dar una vuelta a la p\u00e1gina de la discriminaci\u00f3n, de la\nsinraz\u00f3n homof\u00f3bica, manifest\u00f3 la diputada por el Partido Morena.<\/p>\n","protected":false},"excerpt":{"rendered":"<p>Redacci\u00f3n\/Zona Roja. Oaxaca de Ju\u00e1rez, Oax., 29 de agosto de 2019.- La legalizaci\u00f3n del matrimonio&hellip;<\/p>\n","protected":false},"author":2,"featured_media":3514,"comment_status":"closed","ping_status":"open","sticky":false,"template":"","format":"standard","meta":{"_lmt_disableupdate":"","_lmt_disable":"","_jetpack_memberships_contains_paid_content":false,"footnotes":""},"categories":[109,46],"tags":[192,633],"class_list":["post-3513","post","type-post","status-publish","format-standard","has-post-thumbnail","hentry","category-minuto-a-minuto","category-zona-blanca","tag-diputada-magaly-lopez-dominguez","tag-matrimonio-igualitario-oaxaca"],"jetpack_featured_media_url":"https:\/\/zonaroja.com.mx\/wp-content\/uploads\/2019\/08\/IMG_2470.jpg","jetpack_sharing_enabled":true,"_links":{"self":[{"href":"https:\/\/zonaroja.com.mx\/index.php?rest_route=\/wp\/v2\/posts\/3513","targetHints":{"allow":["GET"]}}],"collection":[{"href":"https:\/\/zonaroja.com.mx\/index.php?rest_route=\/wp\/v2\/posts"}],"about":[{"href":"https:\/\/zonaroja.com.mx\/index.php?rest_route=\/wp\/v2\/types\/post"}],"author":[{"embeddable":true,"href":"https:\/\/zonaroja.com.mx\/index.php?rest_route=\/wp\/v2\/users\/2"}],"replies":[{"embeddable":true,"href":"https:\/\/zonaroja.com.mx\/index.php?rest_route=%2Fwp%2Fv2%2Fcomments&post=3513"}],"version-history":[{"count":1,"href":"https:\/\/zonaroja.com.mx\/index.php?rest_route=\/wp\/v2\/posts\/3513\/revisions"}],"predecessor-version":[{"id":3515,"href":"https:\/\/zonaroja.com.mx\/index.php?rest_route=\/wp\/v2\/posts\/3513\/revisions\/3515"}],"wp:featuredmedia":[{"embeddable":true,"href":"https:\/\/zonaroja.com.mx\/index.php?rest_route=\/wp\/v2\/media\/3514"}],"wp:attachment":[{"href":"https:\/\/zonaroja.com.mx\/index.php?rest_route=%2Fwp%2Fv2%2Fmedia&parent=3513"}],"wp:term":[{"taxonomy":"category","embeddable":true,"href":"https:\/\/zonaroja.com.mx\/index.php?rest_route=%2Fwp%2Fv2%2Fcategories&post=3513"},{"taxonomy":"post_tag","embeddable":true,"href":"https:\/\/zonaroja.com.mx\/index.php?rest_route=%2Fwp%2Fv2%2Ftags&post=3513"}],"curies":[{"name":"wp","href":"https:\/\/api.w.org\/{rel}","templated":true}]}}