{"id":35130,"date":"2021-12-07T20:16:57","date_gmt":"2021-12-08T02:16:57","guid":{"rendered":"http:\/\/www.zonaroja.com.mx\/?p=35130"},"modified":"2021-12-07T20:17:01","modified_gmt":"2021-12-08T02:17:01","slug":"fomenta-la-apo-acervo-en-materia-penal-a-periodistas-en-oaxaca","status":"publish","type":"post","link":"https:\/\/zonaroja.com.mx\/?p=35130","title":{"rendered":"Fomenta la APO acervo en materia penal a periodistas en Oaxaca&nbsp;"},"content":{"rendered":"\n<p>Yuridiana Sosa\/Zona Roja.<\/p>\n\n\n\n<p>Oaxaca de Ju\u00e1rez, Oax., 7 de diciembre de 2021.- Con el fin de contribuir al enriquecimiento de conocimientos para desempe\u00f1ar la labor period\u00edstica en la entidad, en apego a la ley, la Asociaci\u00f3n de Periodistas de Oaxaca (APO) organiz\u00f3 la charla \u201cDa\u00f1o moral y el periodismo en el proceso penal\u201d.<\/p>\n\n\n\n<p>La conversaci\u00f3n fue presidida por el dirigente del gremio, Antonio Guti\u00e9rrez Sumano, y estuvo a cargo de los abogados Ra\u00fal \u00c1ngeles Villalobos y Luis Miguel Padilla, quienes compartieron sus conocimientos en materia jur\u00eddica y en apego al nuevo Sistema Penal Adversarial y Acusatorio.<\/p>\n\n\n\n<p>Conocer los derechos y los l\u00edmites de los trabajadores de la comunicaci\u00f3n, fue uno de los temas abordados, principalmente al ejercer la labor ante un servidor p\u00fablico o sobre quien se publicar\u00e1 un contenido informativo.<\/p>\n\n\n\n<figure class=\"wp-block-embed is-type-rich is-provider-twitter wp-block-embed-twitter\"><div class=\"wp-block-embed__wrapper\">\n<div class=\"twitter-tweet\"><blockquote class=\"twitter-tweet\" data-lang=\"es\"><p lang=\"es\" dir=\"ltr\"><a href=\"https:\/\/twitter.com\/hashtag\/ENVIVO?src=hash&amp;ref_src=twsrc%5Etfw\">#ENVIVO<\/a> <br>Oaxaca de Ju\u00e1rez, Oax., 7 de diciembre de 2021.- Conferencia en la APO de los abogados Ra\u00fal \u00c1ngeles Villalobos y Luis Miguel Padilla con el tema \u201cDa\u00f1o moral y el periodismo en el proceso penal\u201d. Preside <a href=\"https:\/\/twitter.com\/antoniosumano?ref_src=twsrc%5Etfw\">@antoniosumano<\/a>.<br><br>Siga la transmisi\u00f3n:<br>\ud83d\udc47<a href=\"https:\/\/t.co\/ZEzULhDr2C\">https:\/\/t.co\/ZEzULhDr2C<\/a> <a href=\"https:\/\/t.co\/S5nWwbuvWI\">pic.twitter.com\/S5nWwbuvWI<\/a><\/p>&mdash; Zona Roja Oaxaca (@Zona_Roja_Oax) <a href=\"https:\/\/twitter.com\/Zona_Roja_Oax\/status\/1468258657854918656?ref_src=twsrc%5Etfw\">7 de diciembre de 2021<\/a><\/blockquote><\/div>\n<\/div><\/figure>\n\n\n\n<p>Sobre el nuevo sistema de justicia, llamado juicios orales, los abogados recalcaron que la prensa tiene derecho a permanecer en las salas de audiencia bajo protocolos establecidos por la ley y los cuales deben respetar en ambas partes. La ausencia de los medios est\u00e1 asentada cuando la audiencia est\u00e1 calificada como privada por algunos delitos de car\u00e1cter sexual.<\/p>\n\n\n\n<p>Este encuentro con los medios y abogados fue parte de una colaboraci\u00f3n con la Uni\u00f3n Period\u00edstica de la Cuenca del Papaloapan, en que tambi\u00e9n se formalizar\u00e1 una colaboraci\u00f3n para que por medio de la APO, puedan tener servicios jur\u00eddicos, en caso de que alguno de los miembros lo requiera.<\/p>\n","protected":false},"excerpt":{"rendered":"<p>Yuridiana Sosa\/Zona Roja. Oaxaca de Ju\u00e1rez, Oax., 7 de diciembre de 2021.- Con el fin&hellip;<\/p>\n","protected":false},"author":2,"featured_media":35131,"comment_status":"closed","ping_status":"open","sticky":false,"template":"","format":"standard","meta":{"_lmt_disableupdate":"","_lmt_disable":"","_jetpack_memberships_contains_paid_content":false,"footnotes":""},"categories":[109,46],"tags":[1041],"class_list":["post-35130","post","type-post","status-publish","format-standard","has-post-thumbnail","hentry","category-minuto-a-minuto","category-zona-blanca","tag-asociacion-de-periodistas-de-oaxaca-apo"],"jetpack_featured_media_url":"https:\/\/zonaroja.com.mx\/wp-content\/uploads\/2021\/12\/Conferencia-APO-periodistas.jpg","jetpack_sharing_enabled":true,"_links":{"self":[{"href":"https:\/\/zonaroja.com.mx\/index.php?rest_route=\/wp\/v2\/posts\/35130","targetHints":{"allow":["GET"]}}],"collection":[{"href":"https:\/\/zonaroja.com.mx\/index.php?rest_route=\/wp\/v2\/posts"}],"about":[{"href":"https:\/\/zonaroja.com.mx\/index.php?rest_route=\/wp\/v2\/types\/post"}],"author":[{"embeddable":true,"href":"https:\/\/zonaroja.com.mx\/index.php?rest_route=\/wp\/v2\/users\/2"}],"replies":[{"embeddable":true,"href":"https:\/\/zonaroja.com.mx\/index.php?rest_route=%2Fwp%2Fv2%2Fcomments&post=35130"}],"version-history":[{"count":1,"href":"https:\/\/zonaroja.com.mx\/index.php?rest_route=\/wp\/v2\/posts\/35130\/revisions"}],"predecessor-version":[{"id":35132,"href":"https:\/\/zonaroja.com.mx\/index.php?rest_route=\/wp\/v2\/posts\/35130\/revisions\/35132"}],"wp:featuredmedia":[{"embeddable":true,"href":"https:\/\/zonaroja.com.mx\/index.php?rest_route=\/wp\/v2\/media\/35131"}],"wp:attachment":[{"href":"https:\/\/zonaroja.com.mx\/index.php?rest_route=%2Fwp%2Fv2%2Fmedia&parent=35130"}],"wp:term":[{"taxonomy":"category","embeddable":true,"href":"https:\/\/zonaroja.com.mx\/index.php?rest_route=%2Fwp%2Fv2%2Fcategories&post=35130"},{"taxonomy":"post_tag","embeddable":true,"href":"https:\/\/zonaroja.com.mx\/index.php?rest_route=%2Fwp%2Fv2%2Ftags&post=35130"}],"curies":[{"name":"wp","href":"https:\/\/api.w.org\/{rel}","templated":true}]}}