{"id":35139,"date":"2021-12-07T22:28:26","date_gmt":"2021-12-08T04:28:26","guid":{"rendered":"http:\/\/www.zonaroja.com.mx\/?p=35139"},"modified":"2021-12-07T22:28:33","modified_gmt":"2021-12-08T04:28:33","slug":"ingresan-tres-personas-a-hospitalizacion-por-covid-19-en-las-ultimas-24-horas-suman-88","status":"publish","type":"post","link":"https:\/\/zonaroja.com.mx\/?p=35139","title":{"rendered":"Ingresan tres personas a hospitalizaci\u00f3n por Covid-19; en las \u00faltimas 24 horas, suman 88"},"content":{"rendered":"\n<p>Redacci\u00f3n\/Zona Roja.<\/p>\n\n\n\n<p>Oaxaca de Ju\u00e1rez, Oax., 7 de diciembre de 2021.- En las \u00faltimas 24 horas, la demanda de camas para la atenci\u00f3n a la pandemia, baj\u00f3 1.2%, respecto del d\u00eda de ayer lunes, al reportar este 7 de diciembre un porcentaje de 20.8% de ocupaci\u00f3n en la red hospitalaria, informan los Servicios de Salud de Oaxaca (SSO).<\/p>\n\n\n\n<p>La dependencia indica que en la actualizaci\u00f3n de este martes ingresaron tres nuevas personas a alguna unidad m\u00e9dica del Sector Salud tras presentar complicaciones por Covid-19, por lo que actualmente hay 88 hospitalizados, con tres nosocomios trabajando al l\u00edmite de su capacidad, sin embargo, la entidad cuenta con 335 camas disponibles para la poblaci\u00f3n que lo requiera.<\/p>\n\n\n\n<p>Al corte de esta jornada, se agregaron 64 casos nuevos y cinco decesos, que suman 83 mil 459 acumulados y cinco mil 616 defunciones, as\u00ed como 197 personas que cursan con la enfermedad en fase activa en 61 municipios.<\/p>\n\n\n\n<p>As\u00ed tambi\u00e9n el territorio oaxaque\u00f1o reporta un total de 155 mil 901 notificaciones, 66 mil 624 casos negativos, cinco mil 818 sospechosos y 77 mil 646 personas recuperadas.<\/p>\n\n\n\n<figure class=\"wp-block-embed is-type-rich is-provider-twitter wp-block-embed-twitter\"><div class=\"wp-block-embed__wrapper\">\n<div class=\"twitter-tweet\"><blockquote class=\"twitter-tweet\" data-lang=\"es\"><p lang=\"es\" dir=\"ltr\"><a href=\"https:\/\/twitter.com\/hashtag\/%C3%9AltimoMinuto?src=hash&amp;ref_src=twsrc%5Etfw\">#\u00daltimoMinuto<\/a><br>Los Servicios de Salud de <a href=\"https:\/\/twitter.com\/hashtag\/Oaxaca?src=hash&amp;ref_src=twsrc%5Etfw\">#Oaxaca<\/a> reportan este martes 64 casos positivos a Covid-19 y 5 decesos.<br>Las cifras totales son 83 mil 459 casos confirmados y 5 mil 616 fallecimientos.<br>Hay 3 nosocomios saturados; el promedio de ocupaci\u00f3n hospitalaria es de 20.8%. <a href=\"https:\/\/t.co\/QrEa9bgXTo\">pic.twitter.com\/QrEa9bgXTo<\/a><\/p>&mdash; Zona Roja Oaxaca (@Zona_Roja_Oax) <a href=\"https:\/\/twitter.com\/Zona_Roja_Oax\/status\/1468408000545181699?ref_src=twsrc%5Etfw\">8 de diciembre de 2021<\/a><\/blockquote><\/div>\n<\/div><\/figure>\n\n\n\n<p>Los 64 casos nuevos, que se notifican en esta actualizaci\u00f3n de cifras se distribuyen en 22 municipios siendo los principales San Juan Bautista Tuxtepec y Oaxaca de Ju\u00e1rez con 19 y 15 contagios respectivamente, adem\u00e1s de Santa Luc\u00eda del Camino con cuatro casos y la Heroica Ciudad de Tlaxiaco tres casos, el resto dos y uno.<\/p>\n\n\n\n<p>Por Jurisdicci\u00f3n Sanitaria, Valles Centrales contabiliza 50 mil 662 confirmados, 113 activos y dos mil 493 defunciones; Istmo 11 mil 803 confirmados, 14 activos y mil 202 decesos; Tuxtepec cinco mil 693 confirmados, 11 activos y 556 defunciones; Costa cinco mil 872 confirmados, 22 activos y 471 defunciones; Mixteca seis mil 473 confirmados, 30 activos y 574 decesos; Sierra dos mil 956 confirmados, siete activos y 320 decesos.<\/p>\n\n\n\n<p>Reitera la importancia de reforzar las medidas b\u00e1sicas de prevenci\u00f3n: sana distancia, lavado frecuente de manos con agua y jab\u00f3n o aplicaci\u00f3n de alcohol gel, as\u00ed como uso correcto de cubrebocas, ventilaci\u00f3n en espacios cerrados y mantener precauciones en espacios p\u00fablicos. De igual forma, se invita a la poblaci\u00f3n a mantenerse atenta a los informes oficiales relacionados con el desarrollo de la pandemia.<\/p>\n\n\n\n<p>(Comunicado)<\/p>\n","protected":false},"excerpt":{"rendered":"<p>Redacci\u00f3n\/Zona Roja. Oaxaca de Ju\u00e1rez, Oax., 7 de diciembre de 2021.- En las \u00faltimas 24&hellip;<\/p>\n","protected":false},"author":2,"featured_media":35140,"comment_status":"closed","ping_status":"open","sticky":false,"template":"","format":"standard","meta":{"_lmt_disableupdate":"","_lmt_disable":"","_jetpack_memberships_contains_paid_content":false,"footnotes":""},"categories":[109,47],"tags":[1512],"class_list":["post-35139","post","type-post","status-publish","format-standard","has-post-thumbnail","hentry","category-minuto-a-minuto","category-zona-gris","tag-coronavirus-oaxaca"],"jetpack_featured_media_url":"https:\/\/zonaroja.com.mx\/wp-content\/uploads\/2021\/12\/07-de-diciembre-de-2021.-Comunicado-Tecnico-COVID-19.jpg","jetpack_sharing_enabled":true,"_links":{"self":[{"href":"https:\/\/zonaroja.com.mx\/index.php?rest_route=\/wp\/v2\/posts\/35139","targetHints":{"allow":["GET"]}}],"collection":[{"href":"https:\/\/zonaroja.com.mx\/index.php?rest_route=\/wp\/v2\/posts"}],"about":[{"href":"https:\/\/zonaroja.com.mx\/index.php?rest_route=\/wp\/v2\/types\/post"}],"author":[{"embeddable":true,"href":"https:\/\/zonaroja.com.mx\/index.php?rest_route=\/wp\/v2\/users\/2"}],"replies":[{"embeddable":true,"href":"https:\/\/zonaroja.com.mx\/index.php?rest_route=%2Fwp%2Fv2%2Fcomments&post=35139"}],"version-history":[{"count":1,"href":"https:\/\/zonaroja.com.mx\/index.php?rest_route=\/wp\/v2\/posts\/35139\/revisions"}],"predecessor-version":[{"id":35141,"href":"https:\/\/zonaroja.com.mx\/index.php?rest_route=\/wp\/v2\/posts\/35139\/revisions\/35141"}],"wp:featuredmedia":[{"embeddable":true,"href":"https:\/\/zonaroja.com.mx\/index.php?rest_route=\/wp\/v2\/media\/35140"}],"wp:attachment":[{"href":"https:\/\/zonaroja.com.mx\/index.php?rest_route=%2Fwp%2Fv2%2Fmedia&parent=35139"}],"wp:term":[{"taxonomy":"category","embeddable":true,"href":"https:\/\/zonaroja.com.mx\/index.php?rest_route=%2Fwp%2Fv2%2Fcategories&post=35139"},{"taxonomy":"post_tag","embeddable":true,"href":"https:\/\/zonaroja.com.mx\/index.php?rest_route=%2Fwp%2Fv2%2Ftags&post=35139"}],"curies":[{"name":"wp","href":"https:\/\/api.w.org\/{rel}","templated":true}]}}