{"id":35146,"date":"2021-12-08T11:00:00","date_gmt":"2021-12-08T17:00:00","guid":{"rendered":"http:\/\/www.zonaroja.com.mx\/?p=35146"},"modified":"2021-12-08T07:16:07","modified_gmt":"2021-12-08T13:16:07","slug":"acusan-a-diputados-angel-dominguez-y-a-chepi-y-de-favorecer-a-minera-cuzcatlan","status":"publish","type":"post","link":"https:\/\/zonaroja.com.mx\/?p=35146","title":{"rendered":"Acusan a diputados \u00c1ngel Dom\u00ednguez y a Chepi y de favorecer a minera Cuzcatl\u00e1n"},"content":{"rendered":"\n<p>Redacci\u00f3n\/Estado 20.<\/p>\n\n\n\n<p>Oaxaca de Ju\u00e1rez, Oax., 8 de diciembre de 2021.- El Frente No a la Miner\u00eda por un Futuro de Todas y Todos acus\u00f3 a pol\u00edticos del Partido Morena de operar para favorecer a los intereses de la empresa minera Cuzcatl\u00e1n, filial de la canadiense Fortuna Silver Mines.<\/p>\n\n\n\n<p>Seg\u00fan esta organizaci\u00f3n los diputados federales Azael Santiago Chepi y \u00c1ngel Dom\u00ednguez, as\u00ed como la ex presidenta nacional de Morena, Yeidckol Polevnsky, favorecen los intereses de la empresa canadiense Fortuna Silver Mines pese a que este partido se asume como un \u201cinstrumento del pueblo de M\u00e9xico, por eso con el pueblo todo, sin el pueblo nada\u201d.<\/p>\n\n\n\n<p>No obstante, asegur\u00f3 en un comunicado, que estos tres pol\u00edticos de Morena junto con funcionarios del gobierno de Oaxaca y representantes de la empresa minera extranjera, se han reunido en diferentes ocasiones para presionar a las autoridades federales respecto del permiso ambiental \u201cSan Jos\u00e9\u201d y \u201cactualizaci\u00f3n de obras y actividades\u201d, ambos del proyecto minero canadiense.<\/p>\n\n\n\n<p>El Frente record\u00f3 que el proyecto minero ha generado una confrontaci\u00f3n y divisi\u00f3n sistem\u00e1tica en San Jos\u00e9 del Progreso, el asesinato de dos defensores de derechos humanos, m\u00e1s de ocho personas heridas con armas de fuego, contaminaci\u00f3n de arroyos y r\u00edos, del aire y un clima preocupante de confrontaci\u00f3n en los Valles Centrales.<\/p>\n\n\n\n<p>\u201cLas comunidades que habitamos estos territorios, condenamos que l\u00edderes, representantes populares y congresistas hagan uso de su poder para beneficiar un proyecto minero\u201d, se\u00f1al\u00f3.<\/p>\n\n\n\n<p>Adem\u00e1s, puntualiz\u00f3 que los representantes populares son elegidos en el pa\u00eds para garantizar los derechos de la ciudadan\u00eda, no para gestionar a nombre de un proyecto minero canadiense.<\/p>\n\n\n\n<p>\u201cSu actuaci\u00f3n es deleznable para las comunidades del Frente, por lo que exigimos a dichos representantes populares se apeguen a derecho\u201d.<\/p>\n\n\n\n<p>El Frente ha exigido a la Secretar\u00eda del Medio Ambiente y Recursos Naturales (Semarnat) negar a la compa\u00f1\u00eda minera Cuzcatl\u00e1n su solicitud de un nuevo permiso ambiental (MIA-R \u201cactualizaci\u00f3n de obras y actividades\u201d) con el cual pretende justificar 75 obras irregulares, y operar durante 10 a\u00f1os, desde 2021 hasta 2031.<\/p>\n\n\n\n<p>La compa\u00f1\u00eda minera filial de la canadiense Fortuna Silver Mines ya no cuenta con un permiso ambiental vigente para la explotaci\u00f3n de su mina de plata y oro en Oaxaca, seg\u00fan esta organizaci\u00f3n.<\/p>\n","protected":false},"excerpt":{"rendered":"<p>Redacci\u00f3n\/Estado 20. Oaxaca de Ju\u00e1rez, Oax., 8 de diciembre de 2021.- El Frente No a&hellip;<\/p>\n","protected":false},"author":2,"featured_media":21808,"comment_status":"closed","ping_status":"open","sticky":false,"template":"","format":"standard","meta":{"_lmt_disableupdate":"","_lmt_disable":"","_jetpack_memberships_contains_paid_content":false,"footnotes":""},"categories":[109,47],"tags":[2326],"class_list":["post-35146","post","type-post","status-publish","format-standard","has-post-thumbnail","hentry","category-minuto-a-minuto","category-zona-gris","tag-compania-minera-cuzcatlan"],"jetpack_featured_media_url":"https:\/\/zonaroja.com.mx\/wp-content\/uploads\/2020\/12\/Minera-Cuzcatlan.jpg","jetpack_sharing_enabled":true,"_links":{"self":[{"href":"https:\/\/zonaroja.com.mx\/index.php?rest_route=\/wp\/v2\/posts\/35146","targetHints":{"allow":["GET"]}}],"collection":[{"href":"https:\/\/zonaroja.com.mx\/index.php?rest_route=\/wp\/v2\/posts"}],"about":[{"href":"https:\/\/zonaroja.com.mx\/index.php?rest_route=\/wp\/v2\/types\/post"}],"author":[{"embeddable":true,"href":"https:\/\/zonaroja.com.mx\/index.php?rest_route=\/wp\/v2\/users\/2"}],"replies":[{"embeddable":true,"href":"https:\/\/zonaroja.com.mx\/index.php?rest_route=%2Fwp%2Fv2%2Fcomments&post=35146"}],"version-history":[{"count":1,"href":"https:\/\/zonaroja.com.mx\/index.php?rest_route=\/wp\/v2\/posts\/35146\/revisions"}],"predecessor-version":[{"id":35147,"href":"https:\/\/zonaroja.com.mx\/index.php?rest_route=\/wp\/v2\/posts\/35146\/revisions\/35147"}],"wp:featuredmedia":[{"embeddable":true,"href":"https:\/\/zonaroja.com.mx\/index.php?rest_route=\/wp\/v2\/media\/21808"}],"wp:attachment":[{"href":"https:\/\/zonaroja.com.mx\/index.php?rest_route=%2Fwp%2Fv2%2Fmedia&parent=35146"}],"wp:term":[{"taxonomy":"category","embeddable":true,"href":"https:\/\/zonaroja.com.mx\/index.php?rest_route=%2Fwp%2Fv2%2Fcategories&post=35146"},{"taxonomy":"post_tag","embeddable":true,"href":"https:\/\/zonaroja.com.mx\/index.php?rest_route=%2Fwp%2Fv2%2Ftags&post=35146"}],"curies":[{"name":"wp","href":"https:\/\/api.w.org\/{rel}","templated":true}]}}