{"id":35151,"date":"2021-12-08T07:53:52","date_gmt":"2021-12-08T13:53:52","guid":{"rendered":"http:\/\/www.zonaroja.com.mx\/?p=35151"},"modified":"2021-12-08T07:53:55","modified_gmt":"2021-12-08T13:53:55","slug":"oaxaca-con-retraso-en-sentencia-de-reos-y-disminucion-de-corrupcion-enpol","status":"publish","type":"post","link":"https:\/\/zonaroja.com.mx\/?p=35151","title":{"rendered":"Oaxaca con retraso en sentencia de reos y disminuci\u00f3n de corrupci\u00f3n: ENPOL"},"content":{"rendered":"\n<p>Yuridiana Sosa\/Zona Roja.<\/p>\n\n\n\n<p>Oaxaca de Ju\u00e1rez, Oax., 7 de diciembre de 2021.- El estado de Oaxaca destac\u00f3 en la Encuesta Nacional de Poblaci\u00f3n Privada de la Libertad (ENPOL) 2021 por mantener \u00edndices bajos en varios rubros, como el de los actos de violencia o corrupci\u00f3n; sin embargo, en cuesti\u00f3n de demora en sentencias destaca sobre la media nacional.<\/p>\n\n\n\n<p>Este martes el Instituto Nacional de Estad\u00edstica y Geograf\u00eda (INEGI) dio a conocer los resultados de la segunda encuesta para la poblaci\u00f3n privada de la libertad en centros penitenciarios, y para lo cual se visitaron 203 centros penitenciarios de los \u00e1mbitos federal y estatal entre junio de 2020 y julio de 2021.<\/p>\n\n\n\n<p>En M\u00e9xico, durante el 2021, se registr\u00f3 que 220.5 mil personas se encontraban privadas de su libertad, de las que el 94.3 por ciento son hombres y 5.7 por ciento mujeres.<\/p>\n\n\n\n<p>En Oaxaca la poblaci\u00f3n total es de cinco mil 700 personas y es la entidad n\u00famero 14 con mayor poblaci\u00f3n, de los que 0.2 por ciento son mujeres y 5.6 por ciento son varones.<\/p>\n\n\n\n<p>Con relaci\u00f3n a haber sufrido violencia psicol\u00f3gica, realizada o permitida por la polic\u00eda o autoridad despu\u00e9s de la detenci\u00f3n, en Oaxaca se registr\u00f3 un porcentaje de 59 por ciento, lo que lo posiciona como el quinto estado con menos actos de esta violencia, mientras que la media nacional es de 64.5 por ciento.<\/p>\n\n\n\n<p>Por los actos de agresi\u00f3n f\u00edsica despu\u00e9s de la atenci\u00f3n hasta antes de llegar al ministerio p\u00fablico, Oaxaca destac\u00f3 con 38.7 por ciento, ocupando el cuarto lugar con el menos \u00edndice. La media nacional en este caso fue de 48.6 por ciento.<\/p>\n\n\n\n<p>Respecto a la poblaci\u00f3n que recibi\u00f3 presi\u00f3n de amenazas para declararse culpable, a nivel nacional 17.8 por ciento son hombres y 29 por ciento mujeres, con una media nacional de 18.2 por ciento y en Oaxaca el total es de 15.4 por ciento.<\/p>\n\n\n\n<p>En cuanto al proceso judicial y a su situaci\u00f3n jur\u00eddica, el porcentaje de poblaci\u00f3n privada de la libertad en proceso a nivel nacional es de 27.8 por ciento, pero en Oaxaca es de 49 por ciento, la cuarta entidad que presenta el mayor porcentaje de poblaci\u00f3n privada de la libertad en proceso. En primer lugar, es para Tlaxcala con 68.7 por ciento, seguido de Puebla con 55.4 por ciento y Chiapas 52.4 por ciento.<\/p>\n\n\n\n<p>Pero por poblaci\u00f3n sentenciada que demoraron m\u00e1s de un a\u00f1o para obtener su sentencia, la media nacional es de 48 por ciento y Oaxaca lo supera al registrar 63. 1 por ciento, con lo que ocupa el s\u00e9ptimo lugar con mayor poblaci\u00f3n con este problema, de los que 47.8 son hombres y 52.4 por ciento mujeres.<\/p>\n\n\n\n<p>De la poblaci\u00f3n que ten\u00eda m\u00e1s de un a\u00f1o en espera de sentencias, la media nacional es de 64 por ciento y nuevamente Oaxaca rebasa el \u00edndice con 68.9 por ciento, de los que el 65.6 por ciento son hombres y 48 por ciento mujeres.<\/p>\n\n\n\n<p>CORRUPCI\u00d3N Y AUTOGOBIERNOS<\/p>\n\n\n\n<p>En cuanto a la poblaci\u00f3n privada de la libertad, v\u00edctima de la corrupci\u00f3n, en t\u00e9rminos generales la entidad redujo esta mala pr\u00e1ctica al pasar de 42.6 por ciento en 2016 a 34 por ciento en 2021. La media nacional fue de 36.2.<\/p>\n\n\n\n<p>En el concepto \u201cdentro de los centros penitenciarios\u201d es el \u00fanico que present\u00f3 un aumento, al pasar de 6.2 por ciento en 2016 a 14.2 por ciento en 2012, mientras que durante el proceso de detenci\u00f3n, en el Ministerio P\u00fablico y en el Proceso Judicial, los \u00edndices disminuyeron.<\/p>\n\n\n\n<p>Con relaci\u00f3n a haber visto el ejercicio de autogobierno o cogobiernos en los centros penitenciarios en los \u00faltimos 12 meses, en Oaxaca el 21.2 por ciento de la poblaci\u00f3n lo percibi\u00f3 as\u00ed, mientras que la media nacional es de 36.7 por ciento. El Estado de M\u00e9xico sobresali\u00f3 con un 61 por ciento.<\/p>\n\n\n\n<p>CONDICIONES EN CELDA Y SEGURIDAD<\/p>\n\n\n\n<p>La Encuesta Nacional de Poblaci\u00f3n Privada de la Libertad (ENPOL) 2021 estudi\u00f3 tambi\u00e9n el porcentaje de poblaci\u00f3n que comparti\u00f3 celda con m\u00e1s de cinco personas, donde la media nacional fue de 46.4 por ciento y en Oaxaca 11.8 por ciento.<\/p>\n\n\n\n<p>Sobre la separaci\u00f3n entre internos sentenciados y procesados, la media nacional es de 50.5 por ciento. En ese sentido Oaxaca es el pen\u00faltimo lugar donde se identific\u00f3 esta labor, con un porcentaje de 16.9 por ciento.<\/p>\n\n\n\n<p>La actividad laboral en los centros penitenciarios registr\u00f3 una media de 71.2 por ciento, de los que el 71.6 por ciento son hombres y 63.8 por ciento son mujeres; en Oaxaca el 80.7 por ciento de la poblaci\u00f3n privada de su libertad est\u00e1 ocupada.<\/p>\n\n\n\n<p>A nivel nacional el 14.4 por ciento de la poblaci\u00f3n privada de su libertad consider\u00f3 sentirse segura al interior de su celda. En Oaxaca lo manifest\u00f3 el 18 por ciento de la poblaci\u00f3n, y respecto al centro penitenciario el 25.9 por ciento dijo sentirse inseguro y en Oaxaca el 30.6 por ciento de la poblaci\u00f3n.<\/p>\n\n\n\n<p>Adem\u00e1s, el 37.1 por ciento de la poblaci\u00f3n detenida se\u00f1al\u00f3 haber sido v\u00edctimas de al menos un delito concurrido en el centro penitenciario y en Oaxaca fue de 31.2 por ciento.<\/p>\n","protected":false},"excerpt":{"rendered":"<p>Yuridiana Sosa\/Zona Roja. Oaxaca de Ju\u00e1rez, Oax., 7 de diciembre de 2021.- El estado de&hellip;<\/p>\n","protected":false},"author":2,"featured_media":23189,"comment_status":"closed","ping_status":"open","sticky":false,"template":"","format":"standard","meta":{"_lmt_disableupdate":"","_lmt_disable":"","_jetpack_memberships_contains_paid_content":false,"footnotes":""},"categories":[109,47],"tags":[2966],"class_list":["post-35151","post","type-post","status-publish","format-standard","has-post-thumbnail","hentry","category-minuto-a-minuto","category-zona-gris","tag-encuesta-nacional-de-poblacion-privada-de-la-libertad"],"jetpack_featured_media_url":"https:\/\/zonaroja.com.mx\/wp-content\/uploads\/2021\/02\/Seguridad-penitenciaria-reclusorios.jpg","jetpack_sharing_enabled":true,"_links":{"self":[{"href":"https:\/\/zonaroja.com.mx\/index.php?rest_route=\/wp\/v2\/posts\/35151","targetHints":{"allow":["GET"]}}],"collection":[{"href":"https:\/\/zonaroja.com.mx\/index.php?rest_route=\/wp\/v2\/posts"}],"about":[{"href":"https:\/\/zonaroja.com.mx\/index.php?rest_route=\/wp\/v2\/types\/post"}],"author":[{"embeddable":true,"href":"https:\/\/zonaroja.com.mx\/index.php?rest_route=\/wp\/v2\/users\/2"}],"replies":[{"embeddable":true,"href":"https:\/\/zonaroja.com.mx\/index.php?rest_route=%2Fwp%2Fv2%2Fcomments&post=35151"}],"version-history":[{"count":1,"href":"https:\/\/zonaroja.com.mx\/index.php?rest_route=\/wp\/v2\/posts\/35151\/revisions"}],"predecessor-version":[{"id":35152,"href":"https:\/\/zonaroja.com.mx\/index.php?rest_route=\/wp\/v2\/posts\/35151\/revisions\/35152"}],"wp:featuredmedia":[{"embeddable":true,"href":"https:\/\/zonaroja.com.mx\/index.php?rest_route=\/wp\/v2\/media\/23189"}],"wp:attachment":[{"href":"https:\/\/zonaroja.com.mx\/index.php?rest_route=%2Fwp%2Fv2%2Fmedia&parent=35151"}],"wp:term":[{"taxonomy":"category","embeddable":true,"href":"https:\/\/zonaroja.com.mx\/index.php?rest_route=%2Fwp%2Fv2%2Fcategories&post=35151"},{"taxonomy":"post_tag","embeddable":true,"href":"https:\/\/zonaroja.com.mx\/index.php?rest_route=%2Fwp%2Fv2%2Ftags&post=35151"}],"curies":[{"name":"wp","href":"https:\/\/api.w.org\/{rel}","templated":true}]}}