{"id":35153,"date":"2021-12-08T08:12:28","date_gmt":"2021-12-08T14:12:28","guid":{"rendered":"http:\/\/www.zonaroja.com.mx\/?p=35153"},"modified":"2021-12-08T08:12:31","modified_gmt":"2021-12-08T14:12:31","slug":"depura-y-amplia-morena-lista-de-aspirantes-sigue-destacando-susana-harp","status":"publish","type":"post","link":"https:\/\/zonaroja.com.mx\/?p=35153","title":{"rendered":"Depura y ampl\u00eda Morena lista de aspirantes; sigue destacando Susana Harp"},"content":{"rendered":"\n<p>Redacci\u00f3n\/Zona Roja.<\/p>\n\n\n\n<p>Oaxaca de Ju\u00e1rez, Oax., 8 de diciembre de 2021.- El Partido Morena depur\u00f3 y, en el caso de Oaxaca, ampli\u00f3 la lista de aspirantes a gobernar Oaxaca, tras confirmar la coalici\u00f3n \u201cJuntos Hacemos Historia\u201d, con el PT y el PVEM, adem\u00e1s del Partido Nuevo Alianza.<\/p>\n\n\n\n<p>Sin embargo, en la entidad este instituto pol\u00edtico reiter\u00f3 que no se suma a dicha alianza de partidos y pidi\u00f3 por en\u00e9sima ocasi\u00f3n retirar los logotipos del Panal.<\/p>\n\n\n\n<p>Ayer, la mesa nacional de la coalici\u00f3n defini\u00f3 a seis aspirantes que participar\u00e1n en la encuesta para definir la candidatura al gobierno de Oaxaca<\/p>\n\n\n\n<p>Por Morena, se trata de la diputada federal Irma Juan Carlos, los senadores Susana Harp Iturribarr\u00eda y Salom\u00f3n Jara Cruz, y el diputado federal Armando Contreras Castillo.<\/p>\n\n\n\n<p>Agreg\u00f3 a Benjam\u00edn Robles Montoya, diputado federal por el Partido del Trabajo, y al senador del PVEM, Ra\u00fal Bola\u00f1os Cacho Cu\u00e9. Retir\u00f3, entre otros aspirantes, como H\u00e9ctor S\u00e1nchez L\u00f3pez y Alberto Esteva Salinas.<\/p>\n\n\n\n<p>Estos nombres, explicaron en un comunicado, se definieron luego de que la Comisi\u00f3n Nacional de Elecciones recibiera las propuestas del Consejo Nacional de Morena y de la realizaci\u00f3n de un ejercicio demosc\u00f3pico de reconocimiento de la totalidad de las personas aspirantes inscritas.<\/p>\n\n\n\n<p>REVELAN SONDEO<\/p>\n\n\n\n<p>Por otra parte, este martes la empresa Campaigns&amp;Elections M\u00e9xico (C&amp;E) dio a conocer su encuesta rumbo a la elecci\u00f3n en Oaxaca.<\/p>\n\n\n\n<p>Seg\u00fan el sondeo, el 47 por ciento de los oaxaque\u00f1os votar\u00eda por el Partido Morena; el 20 por ciento por el PRI, el 15 por ciento por el PAN y el tres por ciento por el PRD.<\/p>\n\n\n\n<p>De los aspirantes, Susana Harp tiene un 42 por ciento de aceptaci\u00f3n, Salom\u00f3n Jara 31 por ciento, Adelfo Regino cuatro por ciento y Luis Antonio Ram\u00edrez Pineda el dos por ciento.<\/p>\n\n\n\n<p>De una posible alianza PAN-PRD-PRI, Eviel P\u00e9rezMaga\u00f1a tiene el 31 por ciento de aceptaci\u00f3n electoral, Eufrosina Cruz el 21 por ciento, Alejandro Avil\u00e9s el 13 por ciento y Samuel Gurri\u00f3n el 12 por ciento.<\/p>\n\n\n\n<p>De llevar Morena a Susana Harp como su candidata a la gubernatura, ganar\u00eda con un 48 por ciento de votaci\u00f3n, mientras que en caso de que fuera Salom\u00f3n Jara, alcanzar\u00eda el 37 por ciento.<\/p>\n","protected":false},"excerpt":{"rendered":"<p>Redacci\u00f3n\/Zona Roja. Oaxaca de Ju\u00e1rez, Oax., 8 de diciembre de 2021.- El Partido Morena depur\u00f3&hellip;<\/p>\n","protected":false},"author":2,"featured_media":35154,"comment_status":"closed","ping_status":"open","sticky":false,"template":"","format":"standard","meta":{"_lmt_disableupdate":"","_lmt_disable":"","_jetpack_memberships_contains_paid_content":false,"footnotes":""},"categories":[109,46],"tags":[1685],"class_list":["post-35153","post","type-post","status-publish","format-standard","has-post-thumbnail","hentry","category-minuto-a-minuto","category-zona-blanca","tag-susana-harp-iturribarria"],"jetpack_featured_media_url":"https:\/\/zonaroja.com.mx\/wp-content\/uploads\/2021\/12\/Susana-Harp-I.jpg","jetpack_sharing_enabled":true,"_links":{"self":[{"href":"https:\/\/zonaroja.com.mx\/index.php?rest_route=\/wp\/v2\/posts\/35153","targetHints":{"allow":["GET"]}}],"collection":[{"href":"https:\/\/zonaroja.com.mx\/index.php?rest_route=\/wp\/v2\/posts"}],"about":[{"href":"https:\/\/zonaroja.com.mx\/index.php?rest_route=\/wp\/v2\/types\/post"}],"author":[{"embeddable":true,"href":"https:\/\/zonaroja.com.mx\/index.php?rest_route=\/wp\/v2\/users\/2"}],"replies":[{"embeddable":true,"href":"https:\/\/zonaroja.com.mx\/index.php?rest_route=%2Fwp%2Fv2%2Fcomments&post=35153"}],"version-history":[{"count":1,"href":"https:\/\/zonaroja.com.mx\/index.php?rest_route=\/wp\/v2\/posts\/35153\/revisions"}],"predecessor-version":[{"id":35155,"href":"https:\/\/zonaroja.com.mx\/index.php?rest_route=\/wp\/v2\/posts\/35153\/revisions\/35155"}],"wp:featuredmedia":[{"embeddable":true,"href":"https:\/\/zonaroja.com.mx\/index.php?rest_route=\/wp\/v2\/media\/35154"}],"wp:attachment":[{"href":"https:\/\/zonaroja.com.mx\/index.php?rest_route=%2Fwp%2Fv2%2Fmedia&parent=35153"}],"wp:term":[{"taxonomy":"category","embeddable":true,"href":"https:\/\/zonaroja.com.mx\/index.php?rest_route=%2Fwp%2Fv2%2Fcategories&post=35153"},{"taxonomy":"post_tag","embeddable":true,"href":"https:\/\/zonaroja.com.mx\/index.php?rest_route=%2Fwp%2Fv2%2Ftags&post=35153"}],"curies":[{"name":"wp","href":"https:\/\/api.w.org\/{rel}","templated":true}]}}