{"id":35159,"date":"2021-12-08T08:31:31","date_gmt":"2021-12-08T14:31:31","guid":{"rendered":"http:\/\/www.zonaroja.com.mx\/?p=35159"},"modified":"2021-12-08T08:31:34","modified_gmt":"2021-12-08T14:31:34","slug":"imparte-poder-judicial-curso-sobre-criterios-para-el-interes-superior-de-la-ninez","status":"publish","type":"post","link":"https:\/\/zonaroja.com.mx\/?p=35159","title":{"rendered":"Imparte Poder Judicial curso sobre criterios para el Inter\u00e9s Superior de la Ni\u00f1ez"},"content":{"rendered":"\n<p>Redacci\u00f3n\/Zona Roja.<\/p>\n\n\n\n<p>Oaxaca de Ju\u00e1rez, Oax., 8 de diciembre de 2021.- Con la finalidad de fortalecer los conocimientos de las y los juzgadores, que tienen la firme encomienda de velar y cumplir los mecanismos y protocolos establecidos en casos que involucren a ni\u00f1as, ni\u00f1os y adolescentes, el Poder Judicial del Estado realiz\u00f3 el curso virtual \u201cAproximaciones al enfoque de derechos humanos y criterios para el Inter\u00e9s Superior de la Ni\u00f1ez\u201d.<\/p>\n\n\n\n<p>La actividad acad\u00e9mica fue impartida por el coordinador de Tejiendo Redes Infancia en Am\u00e9rica Latina y el Caribe y ex director de la Red por los Derechos de la Infancia en M\u00e9xico (Redim), Juan Mart\u00edn P\u00e9rez Garc\u00eda, psic\u00f3logo, formador y conferencista internacional, defensor de los derechos humanos, especialmente de los derechos de la infancia.<\/p>\n\n\n\n<p>Como parte del contenido, en cuatro m\u00f3dulos, se abordaron los temas Representaciones sociales sobre ni\u00f1as, ni\u00f1os y adolescentes; Enfoque de derechos humanos de la ni\u00f1ez y juventud; Perspectiva de g\u00e9nero e Inter\u00e9s Superior de la Ni\u00f1ez.<\/p>\n\n\n\n<p>El objetivo fue comprender el rol de las personas adultas para acompa\u00f1ar desde los derechos humanos y la igualdad sustantiva, la autonom\u00eda progresiva y el Inter\u00e9s Superior de Ni\u00f1as, Ni\u00f1os y Adolescentes para su bienestar emocional y el libre desarrollo de su personalidad.<\/p>\n\n\n\n<p>Acorde a lo establecido en la Constituci\u00f3n Pol\u00edtica de los Estados Unidos Mexicanos, en los tratados internacionales y en las dem\u00e1s leyes aplicables en M\u00e9xico, el Poder Judicial del Estado de Oaxaca ha desarrollado mecanismos y protocolos orientadores para las personas que imparten justicia en casos donde involucren a ni\u00f1as, ni\u00f1os y adolescentes.<\/p>\n","protected":false},"excerpt":{"rendered":"<p>Redacci\u00f3n\/Zona Roja. Oaxaca de Ju\u00e1rez, Oax., 8 de diciembre de 2021.- Con la finalidad de&hellip;<\/p>\n","protected":false},"author":2,"featured_media":35160,"comment_status":"closed","ping_status":"open","sticky":false,"template":"","format":"standard","meta":{"_lmt_disableupdate":"","_lmt_disable":"","_jetpack_memberships_contains_paid_content":false,"footnotes":""},"categories":[109,46],"tags":[223],"class_list":["post-35159","post","type-post","status-publish","format-standard","has-post-thumbnail","hentry","category-minuto-a-minuto","category-zona-blanca","tag-poder-judicial-de-oaxaca"],"jetpack_featured_media_url":"https:\/\/zonaroja.com.mx\/wp-content\/uploads\/2021\/12\/Imparten-curso-virtual-a-jueces-juezas-y-personal-del-Poder-Judicial.jpg","jetpack_sharing_enabled":true,"_links":{"self":[{"href":"https:\/\/zonaroja.com.mx\/index.php?rest_route=\/wp\/v2\/posts\/35159","targetHints":{"allow":["GET"]}}],"collection":[{"href":"https:\/\/zonaroja.com.mx\/index.php?rest_route=\/wp\/v2\/posts"}],"about":[{"href":"https:\/\/zonaroja.com.mx\/index.php?rest_route=\/wp\/v2\/types\/post"}],"author":[{"embeddable":true,"href":"https:\/\/zonaroja.com.mx\/index.php?rest_route=\/wp\/v2\/users\/2"}],"replies":[{"embeddable":true,"href":"https:\/\/zonaroja.com.mx\/index.php?rest_route=%2Fwp%2Fv2%2Fcomments&post=35159"}],"version-history":[{"count":1,"href":"https:\/\/zonaroja.com.mx\/index.php?rest_route=\/wp\/v2\/posts\/35159\/revisions"}],"predecessor-version":[{"id":35161,"href":"https:\/\/zonaroja.com.mx\/index.php?rest_route=\/wp\/v2\/posts\/35159\/revisions\/35161"}],"wp:featuredmedia":[{"embeddable":true,"href":"https:\/\/zonaroja.com.mx\/index.php?rest_route=\/wp\/v2\/media\/35160"}],"wp:attachment":[{"href":"https:\/\/zonaroja.com.mx\/index.php?rest_route=%2Fwp%2Fv2%2Fmedia&parent=35159"}],"wp:term":[{"taxonomy":"category","embeddable":true,"href":"https:\/\/zonaroja.com.mx\/index.php?rest_route=%2Fwp%2Fv2%2Fcategories&post=35159"},{"taxonomy":"post_tag","embeddable":true,"href":"https:\/\/zonaroja.com.mx\/index.php?rest_route=%2Fwp%2Fv2%2Ftags&post=35159"}],"curies":[{"name":"wp","href":"https:\/\/api.w.org\/{rel}","templated":true}]}}