{"id":35162,"date":"2021-12-09T08:53:00","date_gmt":"2021-12-09T14:53:00","guid":{"rendered":"http:\/\/www.zonaroja.com.mx\/?p=35162"},"modified":"2021-12-08T19:50:49","modified_gmt":"2021-12-09T01:50:49","slug":"justicia-ya-la-cuenta-regresiva-de-feminicidios-a-un-ano-de-concluir-sexenio","status":"publish","type":"post","link":"https:\/\/zonaroja.com.mx\/?p=35162","title":{"rendered":"\u00a1Justicia ya! La cuenta regresiva de feminicidios, a un a\u00f1o de concluir sexenio"},"content":{"rendered":"\n<p>Yuridiana Sosa\/Zona Roja.<\/p>\n\n\n\n<p>Oaxaca de Ju\u00e1rez, Oax., 9 de diciembre de 2021.- \u201cUn d\u00eda como hoy nos enteramos de los feminicidios de:\u201d, es la leyenda que acompa\u00f1a a cada uno de los recordatorios que colectivos feministas y activistas comparten en el \u00faltimo a\u00f1o de gobierno de Alejandro Murat Hinojosa.<\/p>\n\n\n\n<p>\u00a1Justicia ya!, es una campa\u00f1a colectiva en redes sociales que abraza la lucha de Madres contra el Feminicidio y la Impunidad que inici\u00f3 este mes, basada en datos de la plataforma de Consorcio Oaxaca, que contabiliza 575 asesinatos de mujeres en el sexenio actual.<\/p>\n\n\n\n<p>Ayer 8 de diciembre, difundieron el caso de Guadalupe H., ultimada en una fecha similar pero del a\u00f1o 2019, cuyo caso permanece en la impunidad.<\/p>\n\n\n\n<p>El 6 de diciembre las mujeres le recordaron a las autoridades estatales el feminicidio de Dolores R.P, ocurrido en 2019, y el de Mayra L.M. en 2016; para ellas y sus familias no ha habido justicia a dos y cinco a\u00f1os, respectivamente, de los hechos.<\/p>\n\n\n\n<p>El 5 de diciembre fue dedicado a la memoria de cinco mujeres por las que piden no m\u00e1s impunidad. Mar\u00eda Guadalupe Z. L. fue v\u00edctima del feminicidio en 2020; Ang\u00e9lica F.V. en 2018, Florentina N.D. en 2017, a\u00f1o en el que tambi\u00e9n lo fue Florentina C.L. y Martha Virginia.<\/p>\n\n\n\n<p>Rosalba C.C fue asesinada el 4 de diciembre del a\u00f1o 2020, por ella tambi\u00e9n se exige justicia, como para Osmara J.M, a quien le arrebataron la vida el 2 de diciembre de 2019.<\/p>\n\n\n\n<p>Este movimiento de forma digital est\u00e1 relacionado a la exigencia de justicia que las madres y familiares v\u00edctimas de feminicidio expusieron en el Tribunal Feminista contra el Feminicidio en Oaxaca, mismo que fue convocado a petici\u00f3n de Consorcio Oaxaca, Madres contra el Feminicidio e Impunidad y el Observatorio Ciudadano Nacional M\u00e9xico ante las arbitrariedades en materia de procuraci\u00f3n y administraci\u00f3n de justicia en la entidad.<\/p>\n","protected":false},"excerpt":{"rendered":"<p>Yuridiana Sosa\/Zona Roja. Oaxaca de Ju\u00e1rez, Oax., 9 de diciembre de 2021.- \u201cUn d\u00eda como&hellip;<\/p>\n","protected":false},"author":2,"featured_media":35163,"comment_status":"closed","ping_status":"open","sticky":false,"template":"","format":"standard","meta":{"_lmt_disableupdate":"","_lmt_disable":"","_jetpack_memberships_contains_paid_content":false,"footnotes":""},"categories":[109,47],"tags":[548],"class_list":["post-35162","post","type-post","status-publish","format-standard","has-post-thumbnail","hentry","category-minuto-a-minuto","category-zona-gris","tag-consorcio-oaxaca"],"jetpack_featured_media_url":"https:\/\/zonaroja.com.mx\/wp-content\/uploads\/2021\/12\/Feminicidios-Oaxaca-violencia-mujeres.jpg","jetpack_sharing_enabled":true,"_links":{"self":[{"href":"https:\/\/zonaroja.com.mx\/index.php?rest_route=\/wp\/v2\/posts\/35162","targetHints":{"allow":["GET"]}}],"collection":[{"href":"https:\/\/zonaroja.com.mx\/index.php?rest_route=\/wp\/v2\/posts"}],"about":[{"href":"https:\/\/zonaroja.com.mx\/index.php?rest_route=\/wp\/v2\/types\/post"}],"author":[{"embeddable":true,"href":"https:\/\/zonaroja.com.mx\/index.php?rest_route=\/wp\/v2\/users\/2"}],"replies":[{"embeddable":true,"href":"https:\/\/zonaroja.com.mx\/index.php?rest_route=%2Fwp%2Fv2%2Fcomments&post=35162"}],"version-history":[{"count":2,"href":"https:\/\/zonaroja.com.mx\/index.php?rest_route=\/wp\/v2\/posts\/35162\/revisions"}],"predecessor-version":[{"id":35175,"href":"https:\/\/zonaroja.com.mx\/index.php?rest_route=\/wp\/v2\/posts\/35162\/revisions\/35175"}],"wp:featuredmedia":[{"embeddable":true,"href":"https:\/\/zonaroja.com.mx\/index.php?rest_route=\/wp\/v2\/media\/35163"}],"wp:attachment":[{"href":"https:\/\/zonaroja.com.mx\/index.php?rest_route=%2Fwp%2Fv2%2Fmedia&parent=35162"}],"wp:term":[{"taxonomy":"category","embeddable":true,"href":"https:\/\/zonaroja.com.mx\/index.php?rest_route=%2Fwp%2Fv2%2Fcategories&post=35162"},{"taxonomy":"post_tag","embeddable":true,"href":"https:\/\/zonaroja.com.mx\/index.php?rest_route=%2Fwp%2Fv2%2Ftags&post=35162"}],"curies":[{"name":"wp","href":"https:\/\/api.w.org\/{rel}","templated":true}]}}