{"id":3517,"date":"2019-08-29T22:42:07","date_gmt":"2019-08-30T03:42:07","guid":{"rendered":"http:\/\/www.zonaroja.com.mx\/?p=3517"},"modified":"2019-08-29T22:42:10","modified_gmt":"2019-08-30T03:42:10","slug":"por-tercera-vez-se-resiste-congreso-de-oaxaca-a-auditar-a-anteriores-legislaturas","status":"publish","type":"post","link":"https:\/\/zonaroja.com.mx\/?p=3517","title":{"rendered":"Por tercera vez, se resiste Congreso de Oaxaca a auditar a anteriores legislaturas"},"content":{"rendered":"\n<p>Ismael Garc\u00eda M.\/Zona Roja.<\/p>\n\n\n\n<p>Oaxaca de Ju\u00e1rez, Oax., 29 de agosto de 2019.- Por tercera ocasi\u00f3n, el\npleno de la 64 Legislatura de Oaxaca se resisti\u00f3 a apoyar un Punto de Acuerdo\npara que la Auditor\u00eda Superior de la Federaci\u00f3n (ASF) audite a la anterior\nLegislatura, que manej\u00f3 en tres a\u00f1os en total opacidad aproximadamente mil 747\nmillones de pesos.<\/p>\n\n\n\n<p>Un grupo de diputados del Partido Morena, entre ellos Oth\u00f3n Cuevas\nC\u00f3rdova, ha presentado en tres ocasiones una propuesta de Punto de Acuerdo para\nsolicitar se practiquen revisiones a los recursos.<\/p>\n\n\n\n<p>En el documento hacen un recuento de al menos tres legislaturas\nanteriores en que tampoco se han aplicado auditor\u00edas a los recursos financieros\nque se han manejado.<\/p>\n\n\n\n<p>Este mi\u00e9rcoles, el diputado Luis Alfonso Silva Romo subi\u00f3 a la tribuna\npara pedir se aprobada ese planteamiento de obvia y urgente resoluci\u00f3n; sin\nembargo, la Mesa Directiva en voz de C\u00e9sar Morales Ni\u00f1o, no lo consider\u00f3 as\u00ed y\nopt\u00f3 por sugerir que lo hicieran de manera particular a la ASF.<\/p>\n\n\n\n<p>El Punto de Acuerdo fue planteado por los legisladores \u00c1ngel Dom\u00ednguez\nEscobar, Ericel G\u00f3mez Nucamendi, Leticia Socorro Collado, Griselda Sosa\nV\u00e1squez, Hilda Graciela P\u00e9rez Luis, P\u00e1vel Mel\u00e9ndez, In\u00e9s Leal y Arcelia L\u00f3pez Hern\u00e1ndez,\nadem\u00e1s de los mencionados.<\/p>\n","protected":false},"excerpt":{"rendered":"<p>Ismael Garc\u00eda M.\/Zona Roja. Oaxaca de Ju\u00e1rez, Oax., 29 de agosto de 2019.- Por tercera&hellip;<\/p>\n","protected":false},"author":2,"featured_media":3518,"comment_status":"closed","ping_status":"open","sticky":false,"template":"","format":"standard","meta":{"_lmt_disableupdate":"","_lmt_disable":"","_jetpack_memberships_contains_paid_content":false,"footnotes":""},"categories":[109,47],"tags":[213],"class_list":["post-3517","post","type-post","status-publish","format-standard","has-post-thumbnail","hentry","category-minuto-a-minuto","category-zona-gris","tag-64-legislatura-de-oaxaca"],"jetpack_featured_media_url":"https:\/\/zonaroja.com.mx\/wp-content\/uploads\/2019\/08\/PHOTO-2019-08-29-22-34-31.jpg","jetpack_sharing_enabled":true,"_links":{"self":[{"href":"https:\/\/zonaroja.com.mx\/index.php?rest_route=\/wp\/v2\/posts\/3517","targetHints":{"allow":["GET"]}}],"collection":[{"href":"https:\/\/zonaroja.com.mx\/index.php?rest_route=\/wp\/v2\/posts"}],"about":[{"href":"https:\/\/zonaroja.com.mx\/index.php?rest_route=\/wp\/v2\/types\/post"}],"author":[{"embeddable":true,"href":"https:\/\/zonaroja.com.mx\/index.php?rest_route=\/wp\/v2\/users\/2"}],"replies":[{"embeddable":true,"href":"https:\/\/zonaroja.com.mx\/index.php?rest_route=%2Fwp%2Fv2%2Fcomments&post=3517"}],"version-history":[{"count":1,"href":"https:\/\/zonaroja.com.mx\/index.php?rest_route=\/wp\/v2\/posts\/3517\/revisions"}],"predecessor-version":[{"id":3519,"href":"https:\/\/zonaroja.com.mx\/index.php?rest_route=\/wp\/v2\/posts\/3517\/revisions\/3519"}],"wp:featuredmedia":[{"embeddable":true,"href":"https:\/\/zonaroja.com.mx\/index.php?rest_route=\/wp\/v2\/media\/3518"}],"wp:attachment":[{"href":"https:\/\/zonaroja.com.mx\/index.php?rest_route=%2Fwp%2Fv2%2Fmedia&parent=3517"}],"wp:term":[{"taxonomy":"category","embeddable":true,"href":"https:\/\/zonaroja.com.mx\/index.php?rest_route=%2Fwp%2Fv2%2Fcategories&post=3517"},{"taxonomy":"post_tag","embeddable":true,"href":"https:\/\/zonaroja.com.mx\/index.php?rest_route=%2Fwp%2Fv2%2Ftags&post=3517"}],"curies":[{"name":"wp","href":"https:\/\/api.w.org\/{rel}","templated":true}]}}