{"id":35176,"date":"2021-12-08T20:35:43","date_gmt":"2021-12-09T02:35:43","guid":{"rendered":"http:\/\/www.zonaroja.com.mx\/?p=35176"},"modified":"2021-12-08T20:35:46","modified_gmt":"2021-12-09T02:35:46","slug":"sin-propuestas-integrantes-de-planillas-negra-y-rosa-evadieron-debate","status":"publish","type":"post","link":"https:\/\/zonaroja.com.mx\/?p=35176","title":{"rendered":"Sin propuestas, integrantes de planillas Negra y Rosa; evadieron debate"},"content":{"rendered":"\n<p>Redacci\u00f3n\/Zona Roja.<\/p>\n\n\n\n<p>Oaxaca de Ju\u00e1rez, Oax., 8 de diciembre de 2021.- Integrantes de las planillas Negra y Rosa evadieron la solicitud que realiz\u00f3 la Planilla Morada, en el marco del proceso electoral para la renovaci\u00f3n de la dirigencia del STEPEIDCEO, por lo que a dos d\u00edas de las elecciones, la mayor\u00eda de la base trabajadora desconoce las propuestas de los candidatos a la cartera de la Secretar\u00eda General.<\/p>\n\n\n\n<p>La Planilla Morada, desde que arranc\u00f3 el proceso electoral, pidi\u00f3 un debate, para dar a conocer la situaci\u00f3n real de los sindicalizados del gobierno del estado, sin embargo, los contrincantes hicieron o\u00eddos sordos a esta petici\u00f3n.<\/p>\n\n\n\n<p>El candidato de la Planilla Morada propuso ventilar p\u00fablicamente los recursos del sindicato, c\u00f3mo se gastan, qui\u00e9n los gasta y por qu\u00e9 raz\u00f3n.<\/p>\n\n\n\n<p>Los integrantes de las otras planillas, principalmente la Rosa, minimizaron el sentir de la base trabajadora; durante su cierre de campa\u00f1a, esta \u00faltima mostr\u00f3 un derroche de recursos, al presumir que cuentan con el dinero para los eventos y al auto calificarse como la planilla \u201coficial\u201d por contar con el respaldo del patr\u00f3n-Gobierno del Estado.<\/p>\n\n\n\n<p>Este 10 de diciembre se efectuar\u00e1n las elecciones para comit\u00e9 ejecutivo del Sindicato de Trabajadores al Servicio de los Poderes e Instituciones Descentralizadas de Car\u00e1cter Estatal de Oaxaca (STSPEIDCEO).<\/p>\n","protected":false},"excerpt":{"rendered":"<p>Redacci\u00f3n\/Zona Roja. Oaxaca de Ju\u00e1rez, Oax., 8 de diciembre de 2021.- Integrantes de las planillas&hellip;<\/p>\n","protected":false},"author":2,"featured_media":35177,"comment_status":"closed","ping_status":"open","sticky":false,"template":"","format":"standard","meta":{"_lmt_disableupdate":"","_lmt_disable":"","_jetpack_memberships_contains_paid_content":false,"footnotes":""},"categories":[109,47],"tags":[2965],"class_list":["post-35176","post","type-post","status-publish","format-standard","has-post-thumbnail","hentry","category-minuto-a-minuto","category-zona-gris","tag-jose-arturo-sanchez-diaz"],"jetpack_featured_media_url":"https:\/\/zonaroja.com.mx\/wp-content\/uploads\/2021\/12\/Aspirantes-STSPEIDCEO.jpg","jetpack_sharing_enabled":true,"_links":{"self":[{"href":"https:\/\/zonaroja.com.mx\/index.php?rest_route=\/wp\/v2\/posts\/35176","targetHints":{"allow":["GET"]}}],"collection":[{"href":"https:\/\/zonaroja.com.mx\/index.php?rest_route=\/wp\/v2\/posts"}],"about":[{"href":"https:\/\/zonaroja.com.mx\/index.php?rest_route=\/wp\/v2\/types\/post"}],"author":[{"embeddable":true,"href":"https:\/\/zonaroja.com.mx\/index.php?rest_route=\/wp\/v2\/users\/2"}],"replies":[{"embeddable":true,"href":"https:\/\/zonaroja.com.mx\/index.php?rest_route=%2Fwp%2Fv2%2Fcomments&post=35176"}],"version-history":[{"count":1,"href":"https:\/\/zonaroja.com.mx\/index.php?rest_route=\/wp\/v2\/posts\/35176\/revisions"}],"predecessor-version":[{"id":35178,"href":"https:\/\/zonaroja.com.mx\/index.php?rest_route=\/wp\/v2\/posts\/35176\/revisions\/35178"}],"wp:featuredmedia":[{"embeddable":true,"href":"https:\/\/zonaroja.com.mx\/index.php?rest_route=\/wp\/v2\/media\/35177"}],"wp:attachment":[{"href":"https:\/\/zonaroja.com.mx\/index.php?rest_route=%2Fwp%2Fv2%2Fmedia&parent=35176"}],"wp:term":[{"taxonomy":"category","embeddable":true,"href":"https:\/\/zonaroja.com.mx\/index.php?rest_route=%2Fwp%2Fv2%2Fcategories&post=35176"},{"taxonomy":"post_tag","embeddable":true,"href":"https:\/\/zonaroja.com.mx\/index.php?rest_route=%2Fwp%2Fv2%2Ftags&post=35176"}],"curies":[{"name":"wp","href":"https:\/\/api.w.org\/{rel}","templated":true}]}}