{"id":35182,"date":"2021-12-08T21:28:55","date_gmt":"2021-12-09T03:28:55","guid":{"rendered":"http:\/\/www.zonaroja.com.mx\/?p=35182"},"modified":"2021-12-08T21:28:58","modified_gmt":"2021-12-09T03:28:58","slug":"mezcalero-de-oaxaca-rechazan-dom-a-sinaloa-buscan-la-nulidad-ante-el-impi","status":"publish","type":"post","link":"https:\/\/zonaroja.com.mx\/?p=35182","title":{"rendered":"Mezcalero de Oaxaca rechazan DOM a Sinaloa; buscan la nulidad ante el IMPI"},"content":{"rendered":"\n<p>Yuridiana Sosa\/Zona Roja.<\/p>\n\n\n\n<p>Oaxaca de Ju\u00e1rez, Oax. 08 de diciembre de 2021.- Productores de mezcal en Oaxaca anunciaron que continuar\u00e1n su lucha legal por la defensa de la industria mezcalera, ante la ampliaci\u00f3n de la Denominaci\u00f3n de Origen Mezcal para Sinaloa, la cual pretenden anular.<\/p>\n\n\n\n<p>En conferencia de prensa, desde el recinto del Congreso de Oaxaca y respaldados por integrantes de la 65 Legislatura, los representantes de este sector apuntaron que, por medio de juicios de nulidad y recursos de revisi\u00f3n, lograron que hasta el momento la declaratoria del Instituto Mexicano de Propiedad Industrial (IMPI) quede sin efecto para los productores de Sinaloa.<\/p>\n\n\n\n<p>El pasado 12 de octubre, el Diario Oficial de la Federaci\u00f3n public\u00f3 la resoluci\u00f3n por la que se modifica la Declaraci\u00f3n General de Protecci\u00f3n de la Denominaci\u00f3n de Origen Mezcal, para incluir a cuatro municipios del estado de Sinaloa.<\/p>\n\n\n\n<p>La determinaci\u00f3n del IMPI es rechazada por los mezcaleros de Oaxaca, al considerar que fue emitida sin evidencia sustentada sobre el origen de este producto en dicho estado, adem\u00e1s que la extensi\u00f3n de la DOM representa la disminuci\u00f3n del valor para el mezcal de nuestra entidad.<\/p>\n\n\n\n<figure class=\"wp-block-embed is-type-rich is-provider-twitter wp-block-embed-twitter\"><div class=\"wp-block-embed__wrapper\">\n<div class=\"twitter-tweet\"><blockquote class=\"twitter-tweet\" data-lang=\"es\"><p lang=\"es\" dir=\"ltr\"><a href=\"https:\/\/twitter.com\/hashtag\/%C3%9AltimoMinuto?src=hash&amp;ref_src=twsrc%5Etfw\">#\u00daltimoMinuto<\/a> <br>En conferencia de prensa en la sede del <a href=\"https:\/\/twitter.com\/CongresoOaxaca_?ref_src=twsrc%5Etfw\">@CongresoOaxaca_<\/a>, representantes de la industria del mezcal de <a href=\"https:\/\/twitter.com\/hashtag\/Oaxaca?src=hash&amp;ref_src=twsrc%5Etfw\">#Oaxaca<\/a> pugnan por la defensa de la denominaci\u00f3n de origen de la bebida y por retirar el aval que se dio al estado de <a href=\"https:\/\/twitter.com\/hashtag\/Sinaloa?src=hash&amp;ref_src=twsrc%5Etfw\">#Sinaloa<\/a>. <a href=\"https:\/\/t.co\/0eCMPfYncP\">pic.twitter.com\/0eCMPfYncP<\/a><\/p>&mdash; Zona Roja Oaxaca (@Zona_Roja_Oax) <a href=\"https:\/\/twitter.com\/Zona_Roja_Oax\/status\/1468675428449767431?ref_src=twsrc%5Etfw\">8 de diciembre de 2021<\/a><\/blockquote><\/div>\n<\/div><\/figure>\n\n\n\n<p>Por eso, desde antes de esta declaratoria, al enterarse de la solicitud de Sinaloa comenzaron con procesos ante el IMPI; una vez ampliada la denominaci\u00f3n, presentaron tres demandas de juicio de nulidad en el Tribunal Federal de Justicia Administrativa en la Sala de Propiedad Intelectual, as\u00ed como un recurso de revisi\u00f3n que est\u00e1 en proceso.<\/p>\n\n\n\n<p>Estos procesos dieron como efecto que actualmente la DOM para Sinaloa no surta efecto, pero los productores de Oaxaca quieren que esta denominaci\u00f3n se eche debajo.<\/p>\n\n\n\n<p>Los mezcaleros oaxaque\u00f1os apuntaron que anteriormente defendieron esta DOM ante los estados de Aguascalientes, Estado de M\u00e9xico y Morelos, pero tambi\u00e9n est\u00e1 la amenaza de pedir esta extensi\u00f3n por parte de Nuevo Le\u00f3n, Tlaxcala y Baja California.<\/p>\n\n\n\n<p>Cada estado tiene su valor y es injusto que se quieran \u201ccolgar\u201d del valor de la industria mezcalera que cada a\u00f1o crece entre el 25 y 30 por ciento, y cuenta con un valor de tres mil 500 millones de pesos, apuntaron.<\/p>\n\n\n\n<p>Oaxaca produce el 92 por ciento del mezcal que se produce en M\u00e9xico y m\u00e1s de 25 mil familias se dedican a esta actividad, por lo que demandaron el apoyo de la sociedad y las autoridades en la entidad.<\/p>\n\n\n\n<p>Diputadas de la 65 Legislatura de Oaxaca refrendaron el respaldo a esta lucha que llevan en conjunto la C\u00e1mara Nacional del Industria del Mezcal, Cl\u00faster del Mezcal Oaxaca, las Mujeres del Mezcal y Maguey en M\u00e9xico: cap\u00edtulo Oaxaca y el Consejo Mexicano Regulador de la Calidad del Mezcal.<\/p>\n","protected":false},"excerpt":{"rendered":"<p>Yuridiana Sosa\/Zona Roja. Oaxaca de Ju\u00e1rez, Oax. 08 de diciembre de 2021.- Productores de mezcal&hellip;<\/p>\n","protected":false},"author":2,"featured_media":35183,"comment_status":"closed","ping_status":"open","sticky":false,"template":"","format":"standard","meta":{"_lmt_disableupdate":"","_lmt_disable":"","_jetpack_memberships_contains_paid_content":false,"footnotes":""},"categories":[109,46],"tags":[2743],"class_list":["post-35182","post","type-post","status-publish","format-standard","has-post-thumbnail","hentry","category-minuto-a-minuto","category-zona-blanca","tag-65-legislatura-del-estado-de-oaxaca"],"jetpack_featured_media_url":"https:\/\/zonaroja.com.mx\/wp-content\/uploads\/2021\/12\/FOTO-3-Parlamento-se-solidariza-con-lucha-legal-de-mezcaleros-oaxaquenos.jpg","jetpack_sharing_enabled":true,"_links":{"self":[{"href":"https:\/\/zonaroja.com.mx\/index.php?rest_route=\/wp\/v2\/posts\/35182","targetHints":{"allow":["GET"]}}],"collection":[{"href":"https:\/\/zonaroja.com.mx\/index.php?rest_route=\/wp\/v2\/posts"}],"about":[{"href":"https:\/\/zonaroja.com.mx\/index.php?rest_route=\/wp\/v2\/types\/post"}],"author":[{"embeddable":true,"href":"https:\/\/zonaroja.com.mx\/index.php?rest_route=\/wp\/v2\/users\/2"}],"replies":[{"embeddable":true,"href":"https:\/\/zonaroja.com.mx\/index.php?rest_route=%2Fwp%2Fv2%2Fcomments&post=35182"}],"version-history":[{"count":1,"href":"https:\/\/zonaroja.com.mx\/index.php?rest_route=\/wp\/v2\/posts\/35182\/revisions"}],"predecessor-version":[{"id":35184,"href":"https:\/\/zonaroja.com.mx\/index.php?rest_route=\/wp\/v2\/posts\/35182\/revisions\/35184"}],"wp:featuredmedia":[{"embeddable":true,"href":"https:\/\/zonaroja.com.mx\/index.php?rest_route=\/wp\/v2\/media\/35183"}],"wp:attachment":[{"href":"https:\/\/zonaroja.com.mx\/index.php?rest_route=%2Fwp%2Fv2%2Fmedia&parent=35182"}],"wp:term":[{"taxonomy":"category","embeddable":true,"href":"https:\/\/zonaroja.com.mx\/index.php?rest_route=%2Fwp%2Fv2%2Fcategories&post=35182"},{"taxonomy":"post_tag","embeddable":true,"href":"https:\/\/zonaroja.com.mx\/index.php?rest_route=%2Fwp%2Fv2%2Ftags&post=35182"}],"curies":[{"name":"wp","href":"https:\/\/api.w.org\/{rel}","templated":true}]}}