{"id":35188,"date":"2021-12-08T22:15:08","date_gmt":"2021-12-09T04:15:08","guid":{"rendered":"http:\/\/www.zonaroja.com.mx\/?p=35188"},"modified":"2021-12-08T22:15:11","modified_gmt":"2021-12-09T04:15:11","slug":"acumula-oaxaca-en-una-semana-328-casos-de-covid-y-25-decesos","status":"publish","type":"post","link":"https:\/\/zonaroja.com.mx\/?p=35188","title":{"rendered":"Acumula Oaxaca en una semana 328 casos de Covid y 25 decesos"},"content":{"rendered":"\n<p>Redacci\u00f3n\/Zona Roja.<\/p>\n\n\n\n<p>Oaxaca de Ju\u00e1rez, Oax., 8 de diciembre de 2021.- Del 1 de diciembre al corte de este d\u00eda, los Servicios de Salud de Oaxaca (SSO), han registrado un acumulado de 328 casos nuevos y 25 decesos a causa del virus SARS-CoV-2.<\/p>\n\n\n\n<p>Por lo que exhorta a la poblaci\u00f3n a no bajar la guardia y continuar con las medidas sanitarias como el uso del cubrebocas, la sana distancia, lavado de manos frecuente con agua y jab\u00f3n porque la pandemia a\u00fan no termina.<\/p>\n\n\n\n<p>Y es que, en el informe diario de la evoluci\u00f3n de la pandemia en la entidad, hay 198 casos activos en 57 municipios y tres hospitales se encuentran al 100% de su capacidad.<\/p>\n\n\n\n<p>Adem\u00e1s, se han registrado 59 casos nuevos y tres lamentables decesos, que hacen un acumulado de 83 mil 518 casos confirmados y cinco mil 619 lamentables defunciones.<\/p>\n\n\n\n<p>En relaci\u00f3n al panorama jurisdiccional, Valles Centrales contabiliza en las \u00faltimas 24 horas, 24 casos nuevos y dos defunciones, para un total acumulado de 50 mil 686 casos confirmados y dos mil 495 decesos; Istmo nueve casos nuevos y una defunci\u00f3n, acumulados 11 mil 812 casos y mil 203 muertes; Tuxtepec 25 casos nuevos y cero decesos, acumulados cinco mil 718 y 556 defunciones.<\/p>\n\n\n\n<p>Mientras que la Costa no registra ning\u00fan caso nuevo ni defunciones, acumulados cinco mil 872 casos confirmados y 471 muertes; la Mixteca se mantiene con seis mil 473 casos confirmados y 574 decesos; Sierra un solo caso nuevo y cero defunciones, acumulado dos mil 957 y 320 decesos.<\/p>\n\n\n\n<figure class=\"wp-block-embed is-type-rich is-provider-twitter wp-block-embed-twitter\"><div class=\"wp-block-embed__wrapper\">\n<div class=\"twitter-tweet\"><blockquote class=\"twitter-tweet\" data-lang=\"es\"><p lang=\"es\" dir=\"ltr\"><a href=\"https:\/\/twitter.com\/hashtag\/%C3%9AltimoMinuto?src=hash&amp;ref_src=twsrc%5Etfw\">#\u00daltimoMinuto<\/a><br>Los Servicios de Salud de <a href=\"https:\/\/twitter.com\/hashtag\/Oaxaca?src=hash&amp;ref_src=twsrc%5Etfw\">#Oaxaca<\/a> (SSO) informaron que este mi\u00e9rcoles se registraron 59 casos positivos a Covid y 3 defunciones.<br>Suman 83 mil 518 casos confirmados y 5 mil 619 decesos.<br>Hay 4 nosocomios llenos; la ocupaci\u00f3n hospitalaria es del 22.2%. <a href=\"https:\/\/t.co\/0Ulfr6uFaI\">pic.twitter.com\/0Ulfr6uFaI<\/a><\/p>&mdash; Zona Roja Oaxaca (@Zona_Roja_Oax) <a href=\"https:\/\/twitter.com\/Zona_Roja_Oax\/status\/1468765693537574913?ref_src=twsrc%5Etfw\">9 de diciembre de 2021<\/a><\/blockquote><\/div>\n<\/div><\/figure>\n\n\n\n<p>Los 59 casos nuevos, se distribuyen en 15 municipios siendo los m\u00e1s afectados, San Juan Bautista Tuxtepec con 25, Oaxaca de Ju\u00e1rez nueve, San Juan Guichicovi, San Pedro Huamelula, Santa Cruz Amilpas y Santa Cruz Xoxocotl\u00e1n tres cada uno, Cuil\u00e1pam de Guerrero, Ocotl\u00e1n de Morelos, Salina Cruz y San Bartolo Coyotepec dos cada uno, el resto un solo caso.<\/p>\n\n\n\n<p>De las cinco mil 619 defunciones, por sexo tres mil 585 son hombres y dos mil 034 mujeres, los grupos de edad m\u00e1s afectados son los de 65 y m\u00e1s con dos mil 621, de 50 a 59 con mil 189 y de 60 a 64 con 769, las comorbilidades asociadas son hipertensi\u00f3n arterial con 39.2%, diabetes 36.5%, obesidad 21.2% e insuficiencia renal 6.4%.<\/p>\n\n\n\n<p>Este mi\u00e9rcoles ingresaron cuatro nuevos pacientes de un total de 94 que se encuentran recibiendo atenci\u00f3n m\u00e9dica, y hay una disponibilidad de 329 camas de un total de 423 destinadas para la atenci\u00f3n de la emergencia sanitaria.<\/p>\n\n\n\n<p>La ocupaci\u00f3n global hospitalaria es de 22.2% en todo el Sector Salud, siendo la Jurisdicci\u00f3n Sanitaria de la Mixteca la que registra el 42.9%, seguido de Tuxtepec con 26.5%, Valles Centrales 24.8%, Costa 14,5%, Istmo 14.3% y Sierra 0%.<\/p>\n","protected":false},"excerpt":{"rendered":"<p>Redacci\u00f3n\/Zona Roja. Oaxaca de Ju\u00e1rez, Oax., 8 de diciembre de 2021.- Del 1 de diciembre&hellip;<\/p>\n","protected":false},"author":2,"featured_media":35189,"comment_status":"closed","ping_status":"open","sticky":false,"template":"","format":"standard","meta":{"_lmt_disableupdate":"","_lmt_disable":"","_jetpack_memberships_contains_paid_content":false,"footnotes":""},"categories":[109,47],"tags":[1512],"class_list":["post-35188","post","type-post","status-publish","format-standard","has-post-thumbnail","hentry","category-minuto-a-minuto","category-zona-gris","tag-coronavirus-oaxaca"],"jetpack_featured_media_url":"https:\/\/zonaroja.com.mx\/wp-content\/uploads\/2021\/12\/08-de-diciembre-2021-Comunicado-te\u0301cnico.jpg","jetpack_sharing_enabled":true,"_links":{"self":[{"href":"https:\/\/zonaroja.com.mx\/index.php?rest_route=\/wp\/v2\/posts\/35188","targetHints":{"allow":["GET"]}}],"collection":[{"href":"https:\/\/zonaroja.com.mx\/index.php?rest_route=\/wp\/v2\/posts"}],"about":[{"href":"https:\/\/zonaroja.com.mx\/index.php?rest_route=\/wp\/v2\/types\/post"}],"author":[{"embeddable":true,"href":"https:\/\/zonaroja.com.mx\/index.php?rest_route=\/wp\/v2\/users\/2"}],"replies":[{"embeddable":true,"href":"https:\/\/zonaroja.com.mx\/index.php?rest_route=%2Fwp%2Fv2%2Fcomments&post=35188"}],"version-history":[{"count":1,"href":"https:\/\/zonaroja.com.mx\/index.php?rest_route=\/wp\/v2\/posts\/35188\/revisions"}],"predecessor-version":[{"id":35190,"href":"https:\/\/zonaroja.com.mx\/index.php?rest_route=\/wp\/v2\/posts\/35188\/revisions\/35190"}],"wp:featuredmedia":[{"embeddable":true,"href":"https:\/\/zonaroja.com.mx\/index.php?rest_route=\/wp\/v2\/media\/35189"}],"wp:attachment":[{"href":"https:\/\/zonaroja.com.mx\/index.php?rest_route=%2Fwp%2Fv2%2Fmedia&parent=35188"}],"wp:term":[{"taxonomy":"category","embeddable":true,"href":"https:\/\/zonaroja.com.mx\/index.php?rest_route=%2Fwp%2Fv2%2Fcategories&post=35188"},{"taxonomy":"post_tag","embeddable":true,"href":"https:\/\/zonaroja.com.mx\/index.php?rest_route=%2Fwp%2Fv2%2Ftags&post=35188"}],"curies":[{"name":"wp","href":"https:\/\/api.w.org\/{rel}","templated":true}]}}