{"id":35192,"date":"2021-12-10T07:16:00","date_gmt":"2021-12-10T13:16:00","guid":{"rendered":"http:\/\/www.zonaroja.com.mx\/?p=35192"},"modified":"2021-12-10T07:15:24","modified_gmt":"2021-12-10T13:15:24","slug":"opinion-librerias-gandhi-discrimina","status":"publish","type":"post","link":"https:\/\/zonaroja.com.mx\/?p=35192","title":{"rendered":"Opini\u00f3n. Librer\u00edas Gandhi discrimina"},"content":{"rendered":"\n<p>Gibr\u00e1n Ram\u00edrez Reyes*<\/p>\n\n\n\n<p>Librer\u00edas Gandhi discrimina; lo hace cuando menos en su sucursal de Torre\u00f3n. Luis, mi hijo, tiene siete meses. No usa cubrebocas, sencillamente porque no los fabrican para beb\u00e9s tan peque\u00f1os, y suele acompa\u00f1arme as\u00ed a casi todos lados.<\/p>\n\n\n\n<p>Nunca en un centro comercial, un aeropuerto, avi\u00f3n o restaurante, me lo han requerido para permitir su acceso. No lo han hecho, entre otras cosas, porque est\u00e1 prohibido.<\/p>\n\n\n\n<p>Los ni\u00f1os menores de dos a\u00f1os no deben usar cubrebocas por el alto riesgo de asfixia y, en ning\u00fan caso \u2014seg\u00fan la Organizaci\u00f3n Mundial de la Salud y Unicef\u2014 debe obligarse a los menores de seis a\u00f1os a utilizarlos.<\/p>\n\n\n\n<p>Exigir a los menores utilizarlo o condicionar su acceso a cualquier lugar a su portaci\u00f3n constituye un acto de discriminaci\u00f3n a la infancia. En el caso de Gandhi es as\u00ed y un poco peor, porque me ofrecieron la alternativa est\u00fapida de cubrir al ni\u00f1o por completo, la cabeza incluida, para que no propague el covid.<\/p>\n\n\n\n<p>De lo contrario, me dijeron, deb\u00eda abandonar el local. Sucedi\u00f3 el d\u00eda de ayer a la una de la tarde. Sonando tan tonta la regla, siendo abiertamente contraria a las previsiones sanitarias legales, ped\u00ed al empleado que me lo pidi\u00f3, quien se port\u00f3 amablemente, que convocara al gerente de la tienda para explicarle que esa norma suya discrimina a la ni\u00f1ez o, para que en su caso, me corriera personalmente y asumiera esa responsabilidad.<\/p>\n\n\n\n<p>El gerente no estaba, quiz\u00e1 por ser domingo, por lo que se convoc\u00f3 al responsable de la tienda que dijo llamarse Eric S\u00e1nchez, quien asumi\u00f3 la decisi\u00f3n de echarnos del sitio. Me dijo, de nuevo, que el beb\u00e9 ten\u00eda que portar cubrebocas o, en su defecto, que ten\u00eda que cubrir toda su cabeza con una cobija o manta.<\/p>\n\n\n\n<p>Y estaba tan seguro de estar actuando correctamente que no dud\u00f3 en acompa\u00f1arme a la salida, en una actitud francamente agresiva, intentando arrebatarme el celular con el que pretend\u00eda documentar su invocaci\u00f3n a la dichosa regla, incluso empuj\u00e1ndonos (junto con otra persona de nombre Norma S\u00e1nchez) para que termin\u00e1ramos de salir del local, mientras nos dec\u00edan que iban a demandarnos por \u201cuso indebido de la imagen\u201d y \u201cgrabar en propiedad privada\u201d.<\/p>\n\n\n\n<p>La empresa puede verificarlo en sus grabaciones. A su corta edad, es la segunda vez que Luis sufre discriminaci\u00f3n (o la sufro yo por portaci\u00f3n de beb\u00e9). La primera de ellas sucedi\u00f3 en un hotel de Cabo San Lucas, donde es infrecuente que duerman mexicanos y mucho m\u00e1s infrecuente que lo hagan ni\u00f1os.<\/p>\n\n\n\n<p>No podr\u00edan hacer v\u00e1lida mi reservaci\u00f3n y pago porque llevaba un beb\u00e9. La encargada llam\u00f3 por tel\u00e9fono a la due\u00f1a, quien amablemente me explic\u00f3 que los ni\u00f1os incomodan a los turistas gringos que \u2013oh gracias\u2013 nos dan de comer en nuestras playas. Los ni\u00f1os lloran, gritan, existen: incomodan.<\/p>\n\n\n\n<p>Me pidi\u00f3 comprender. Discut\u00ed por tel\u00e9fono con ella, reconsider\u00f3 y por ello no hago p\u00fablico su nombre ni el de su negocio. Por ello y porque es muy poco probable que vuelva pronto all\u00ed.<\/p>\n\n\n\n<p>El caso de La Laguna es para m\u00ed bastante distinto. Tengo aqu\u00ed asentada una buena parte de mi vida. Mi hijo naci\u00f3 aqu\u00ed y pasamos aqu\u00ed bastante tiempo.<\/p>\n\n\n\n<p>Aunque, como toda la comunidad cultural lagunera sabe, la mejor librer\u00eda de la regi\u00f3n es El Astillero, iba a Gandhi porque me queda cerca, abre los domingos, y andar el camino a El Astillero implica lidiar con el desordenado tr\u00e1nsito del centro de la ciudad, con un sistema de parqu\u00edmetros ruinoso y abusivo. Padecer\u00e9, ni modo, pero tambi\u00e9n me padecer\u00e1n.<\/p>\n\n\n\n<p>*Doctor en derecho por la UNAM.<\/p>\n","protected":false},"excerpt":{"rendered":"<p>Gibr\u00e1n Ram\u00edrez Reyes* Librer\u00edas Gandhi discrimina; lo hace cuando menos en su sucursal de Torre\u00f3n.&hellip;<\/p>\n","protected":false},"author":2,"featured_media":24099,"comment_status":"closed","ping_status":"open","sticky":false,"template":"","format":"standard","meta":{"_lmt_disableupdate":"","_lmt_disable":"","_jetpack_memberships_contains_paid_content":false,"footnotes":""},"categories":[456,109],"tags":[2489],"class_list":["post-35192","post","type-post","status-publish","format-standard","has-post-thumbnail","hentry","category-columna","category-minuto-a-minuto","tag-gibran-ramirez-reyes"],"jetpack_featured_media_url":"https:\/\/zonaroja.com.mx\/wp-content\/uploads\/2021\/02\/Gibran-Ramirez-Reyes.jpg","jetpack_sharing_enabled":true,"_links":{"self":[{"href":"https:\/\/zonaroja.com.mx\/index.php?rest_route=\/wp\/v2\/posts\/35192","targetHints":{"allow":["GET"]}}],"collection":[{"href":"https:\/\/zonaroja.com.mx\/index.php?rest_route=\/wp\/v2\/posts"}],"about":[{"href":"https:\/\/zonaroja.com.mx\/index.php?rest_route=\/wp\/v2\/types\/post"}],"author":[{"embeddable":true,"href":"https:\/\/zonaroja.com.mx\/index.php?rest_route=\/wp\/v2\/users\/2"}],"replies":[{"embeddable":true,"href":"https:\/\/zonaroja.com.mx\/index.php?rest_route=%2Fwp%2Fv2%2Fcomments&post=35192"}],"version-history":[{"count":1,"href":"https:\/\/zonaroja.com.mx\/index.php?rest_route=\/wp\/v2\/posts\/35192\/revisions"}],"predecessor-version":[{"id":35193,"href":"https:\/\/zonaroja.com.mx\/index.php?rest_route=\/wp\/v2\/posts\/35192\/revisions\/35193"}],"wp:featuredmedia":[{"embeddable":true,"href":"https:\/\/zonaroja.com.mx\/index.php?rest_route=\/wp\/v2\/media\/24099"}],"wp:attachment":[{"href":"https:\/\/zonaroja.com.mx\/index.php?rest_route=%2Fwp%2Fv2%2Fmedia&parent=35192"}],"wp:term":[{"taxonomy":"category","embeddable":true,"href":"https:\/\/zonaroja.com.mx\/index.php?rest_route=%2Fwp%2Fv2%2Fcategories&post=35192"},{"taxonomy":"post_tag","embeddable":true,"href":"https:\/\/zonaroja.com.mx\/index.php?rest_route=%2Fwp%2Fv2%2Ftags&post=35192"}],"curies":[{"name":"wp","href":"https:\/\/api.w.org\/{rel}","templated":true}]}}