{"id":35194,"date":"2021-12-09T07:05:24","date_gmt":"2021-12-09T13:05:24","guid":{"rendered":"http:\/\/www.zonaroja.com.mx\/?p=35194"},"modified":"2021-12-09T07:05:27","modified_gmt":"2021-12-09T13:05:27","slug":"morena-suspende-derechos-de-yeidckol-polevnsky-por-seis-meses","status":"publish","type":"post","link":"https:\/\/zonaroja.com.mx\/?p=35194","title":{"rendered":"Morena suspende derechos de Yeidckol Polevnsky por seis meses"},"content":{"rendered":"\n<p>Redacci\u00f3n\/Zona Roja Cdmx.<\/p>\n\n\n\n<p>Ciudad de M\u00e9xico, 9 de diciembre de 2021.- La Comisi\u00f3n de Honor y Justicia de Morena suspendi\u00f3 por seis meses los derechos partidarios de la exsecretaria del partido Yeidckol Polevnsky por \u201cfaltas a los documentos b\u00e1sicos\u201d, por no acudir en 2020 a comparecer para explicar la compra de inmuebles para el partido que realiz\u00f3 durante su paso por la dirigencia; en respuesta la morenista acus\u00f3 a la instancia de su partido de violar el debido proceso.<\/p>\n\n\n\n<p>\u201cSe impone una suspensi\u00f3n de derechos partidarios por seis meses a la c. Yeidckol Polevnsky Gurwitz y se le exhorta para que en lo sucesivo d\u00e9 cumplimiento a los acuerdos y resoluciones emanados de los \u00f3rganos nacionales de Morena\u201d, se\u00f1ala el documento publicado en la cuenta de Twitter de la instancia de Morena.<\/p>\n\n\n\n<p>Con esta resoluci\u00f3n Polevnsky queda destituida de cualquier cargo de representaci\u00f3n o direcci\u00f3n que tenga en Morena, se\u00f1ala la resoluci\u00f3n.<\/p>\n\n\n\n<p>\u201cSe ordena la destituci\u00f3n de la C. Yeidckol Polevnsky Gurwitz de cualquier cargo de representaci\u00f3n y\/o direcci\u00f3n que ostentara en Morena, as\u00ed como de cualquier otro de diversa naturaleza\u201d, se\u00f1ala.<\/p>\n\n\n\n<p>En respuesta, a trav\u00e9s de su cuenta de Twitter, Polevnsky acus\u00f3 a la Comisi\u00f3n de Honor y Justicia de violar el debido proceso.<\/p>\n\n\n\n<p>\u201cLa @CNHJ_Morena no est\u00e1 respetando el debido proceso. Si alguien ha respetado el Estatuto soy yo. #Yeidckol\u201d, asegur\u00f3 la ex dirigente en la red social.<\/p>\n\n\n\n<p>Cabe recordar que \u201cEl Heraldo de M\u00e9xico\u201d, dio a conocer en 2020 que Morena planeaba gastar un total de mil 400 millones de pesos en la compra de sus oficinas, semanas despu\u00e9s, el entonces Alfonso Ram\u00edrez Cu\u00e9llar inici\u00f3 un proceso de auditor\u00eda para revisar el gasto de m\u00e1s de 619 millones de pesos realizada cuando Yeidckol Polevnsky dirig\u00eda el partido.<\/p>\n\n\n\n<p>\u201cDel procedimiento de oficio iniciado por la Comisi\u00f3n Nacional de Honestidad y Justicia, con n\u00famero de expediente CNHJ-NAL-363\/2020 en contra de Yeidckol Polevnsky Gurwitz por la inasistencia a la rendici\u00f3n de cuentas de su cargo como Secretaria General en funciones de Presidenta del partido Morena el 1 de junio de 20202, se\u00f1ala la nota informativa publicada por la comisi\u00f3n.<\/p>\n\n\n\n<p>(Informaci\u00f3n de \u201cEl Heraldo de M\u00e9xico\u201d)<\/p>\n","protected":false},"excerpt":{"rendered":"<p>Redacci\u00f3n\/Zona Roja Cdmx. Ciudad de M\u00e9xico, 9 de diciembre de 2021.- La Comisi\u00f3n de Honor&hellip;<\/p>\n","protected":false},"author":2,"featured_media":35195,"comment_status":"closed","ping_status":"open","sticky":false,"template":"","format":"standard","meta":{"_lmt_disableupdate":"","_lmt_disable":"","_jetpack_memberships_contains_paid_content":false,"footnotes":""},"categories":[109,47],"tags":[2967],"class_list":["post-35194","post","type-post","status-publish","format-standard","has-post-thumbnail","hentry","category-minuto-a-minuto","category-zona-gris","tag-yeidkol-polevnsky"],"jetpack_featured_media_url":"https:\/\/zonaroja.com.mx\/wp-content\/uploads\/2021\/12\/Yeidckol-Polevnsky.jpg","jetpack_sharing_enabled":true,"_links":{"self":[{"href":"https:\/\/zonaroja.com.mx\/index.php?rest_route=\/wp\/v2\/posts\/35194","targetHints":{"allow":["GET"]}}],"collection":[{"href":"https:\/\/zonaroja.com.mx\/index.php?rest_route=\/wp\/v2\/posts"}],"about":[{"href":"https:\/\/zonaroja.com.mx\/index.php?rest_route=\/wp\/v2\/types\/post"}],"author":[{"embeddable":true,"href":"https:\/\/zonaroja.com.mx\/index.php?rest_route=\/wp\/v2\/users\/2"}],"replies":[{"embeddable":true,"href":"https:\/\/zonaroja.com.mx\/index.php?rest_route=%2Fwp%2Fv2%2Fcomments&post=35194"}],"version-history":[{"count":1,"href":"https:\/\/zonaroja.com.mx\/index.php?rest_route=\/wp\/v2\/posts\/35194\/revisions"}],"predecessor-version":[{"id":35196,"href":"https:\/\/zonaroja.com.mx\/index.php?rest_route=\/wp\/v2\/posts\/35194\/revisions\/35196"}],"wp:featuredmedia":[{"embeddable":true,"href":"https:\/\/zonaroja.com.mx\/index.php?rest_route=\/wp\/v2\/media\/35195"}],"wp:attachment":[{"href":"https:\/\/zonaroja.com.mx\/index.php?rest_route=%2Fwp%2Fv2%2Fmedia&parent=35194"}],"wp:term":[{"taxonomy":"category","embeddable":true,"href":"https:\/\/zonaroja.com.mx\/index.php?rest_route=%2Fwp%2Fv2%2Fcategories&post=35194"},{"taxonomy":"post_tag","embeddable":true,"href":"https:\/\/zonaroja.com.mx\/index.php?rest_route=%2Fwp%2Fv2%2Ftags&post=35194"}],"curies":[{"name":"wp","href":"https:\/\/api.w.org\/{rel}","templated":true}]}}