{"id":35209,"date":"2021-12-09T14:48:01","date_gmt":"2021-12-09T20:48:01","guid":{"rendered":"https:\/\/www.zonaroja.com.mx\/?p=35209"},"modified":"2021-12-09T14:48:05","modified_gmt":"2021-12-09T20:48:05","slug":"temen-por-la-vida-de-sindica-de-atatlahuca-exigen-atencion-y-cumplimiento-de-medidas-cautelares","status":"publish","type":"post","link":"https:\/\/zonaroja.com.mx\/?p=35209","title":{"rendered":"Temen por la vida de sindica de Atatlahuca; exigen atenci\u00f3n y cumplimiento de medidas cautelares"},"content":{"rendered":"\n<p>Yuridiana Sosa\/Zona Roja.&nbsp;<\/p>\n\n\n\n<p>Oaxaca de Ju\u00e1rez, Oax., 9 de diciembre de 2021.- Las amenazas de muerte y desaparici\u00f3n contra la s\u00edndica municipal de San Esteban Atatlahuca, Maribel Velasco Garc\u00eda, contin\u00faan, por lo que autoridades municipales exigieron al gobierno de Oaxaca su inmediata intervenci\u00f3n y la aplicaci\u00f3n \u00edntegra de las medidas cautelares emitidas en meses pasados.&nbsp;<\/p>\n\n\n\n<p>En conferencia de prensa, desde el Grupo de Estudios sobre la Mujer \u201cRosario Castellanos\u201d (GES Mujer), la primera s\u00edndica de su localidad se\u00f1al\u00f3 que las medidas cautelares otorgadas por la Defensor\u00eda de los Derechos Humanos del Pueblo de Oaxaca (DDHPO) y del Tribunal Estatal Electoral de Oaxaca (TEEO) no se cumplen ante la supuesta falta de recursos.<\/p>\n\n\n\n<p>Las amenazas por parte del Frente de Resistencia Ind\u00edgena de Santiago Juxtlahuaca son m\u00e1s constantes a partir de la detenci\u00f3n de algunos de sus integrantes y l\u00edderes que participaron en hecho violentos desde el 2019 a la fecha.<\/p>\n\n\n\n<p>Velasco Garc\u00eda es se\u00f1alada por la organizaci\u00f3n como la responsable de estas detenciones, sin embargo, asegur\u00f3 que ella s\u00f3lo ha dado acompa\u00f1amiento a las familias de las v\u00edctimas mortales y agredidas por los l\u00edderes de este grupo ajeno a la comunidad.<\/p>\n\n\n\n<p>La s\u00edndica lament\u00f3 estas acciones, pues adem\u00e1s de las violaciones en su contra estas agresiones pueden representar un retroceso para la participaci\u00f3n de las mujeres en su comunidad por temor a ser violentadas.<\/p>\n\n\n\n<p>El presidente municipal  de San Esteban Atatlahuca, Rogelio Bautista Barrios, asegur\u00f3 que \u00e9l y el regidor de Hacienda tambi\u00e9n han recibidos amenazas de muerte por impedir que este grupo actu\u00e9 con libertad en la desestabilizad de la comunidad.<\/p>\n\n\n\n<figure class=\"wp-block-embed\"><div class=\"wp-block-embed__wrapper\">\n<div class=\"twitter-tweet\"><blockquote class=\"twitter-tweet\" data-lang=\"es\"><p lang=\"es\" dir=\"ltr\"><a href=\"https:\/\/twitter.com\/hashtag\/ENVIVO?src=hash&amp;ref_src=twsrc%5Etfw\">#ENVIVO<\/a> <br>Oaxaca de Ju\u00e1rez, Oax., 9 de diciembre de 2021.- Conferencia de prensa en el <a href=\"https:\/\/twitter.com\/GES_Mujer?ref_src=twsrc%5Etfw\">@GES_Mujer<\/a> de la s\u00edndica municipal de San Juan Bautista Atatlahuca, Maribel Velasco Garc\u00eda para denunciar la violencia pol\u00edtica por raz\u00f3n de g\u00e9nero.<br>Transmisi\u00f3n \ud83d\udc47<a href=\"https:\/\/t.co\/zBF0jGVWLR\">https:\/\/t.co\/zBF0jGVWLR<\/a> <a href=\"https:\/\/t.co\/sktP8Wk8xg\">pic.twitter.com\/sktP8Wk8xg<\/a><\/p>&mdash; Zona Roja Oaxaca (@Zona_Roja_Oax) <a href=\"https:\/\/twitter.com\/Zona_Roja_Oax\/status\/1468994101932552192?ref_src=twsrc%5Etfw\">9 de diciembre de 2021<\/a><\/blockquote><\/div>\n<\/div><\/figure>\n\n\n\n<p>Barrios Bautista urgi\u00f3 a las dependencias estatales, como la Secretar\u00eda de la Mujer, a la DDHPO, al Instituto Estatal Electoral y de Participaci\u00f3n Ciudadana de Oaxaca (IEEPCO), e instancias correspondientes, para salvaguardar la integridad de la S\u00edndica, quien corre un mayor riesgo.<\/p>\n\n\n\n<p>BUSCAN LA DESESTABILIDAD<\/p>\n\n\n\n<p>La organizaci\u00f3n Frente de Resistencia Ind\u00edgena de Santiago Juxtlahuaca, liderada por Juan Gabriel Hern\u00e1ndez, entre otros, es se\u00f1alada por las autoridades como la responsable de los hechos violentos en sus agencias municipales.&nbsp;<\/p>\n\n\n\n<p>Los actos violentos, consecuencia de un conflicto agrario en busca de apoderarse de una parte del municipio, han ocasionado la muerte de habitantes y decenas de personas m\u00e1s lesionadas y desplazadas.<\/p>\n\n\n\n<p>El edil indic\u00f3 que m\u00e1s de 160 personas de la comunidad de Guerrero Grande fueron desplazadas y se encuentran en un albergue en la cabecera municipal, esto como consecuencia de un ataque armado del grupo el octubre pasado, donde una mujer falleci\u00f3.<\/p>\n\n\n\n<p>Mientras que tambi\u00e9n son se\u00f1alados de la quema de casas en la comunidad de Ndoyonuyiji el pasado 22 de octubre, donde adem\u00e1s de tuvo un saldo de dos personas asesinadas.<\/p>\n\n\n\n<p>Por lo que las autoridades municipales demandaron al gobierno del estado dar atenci\u00f3n a este problema para frenar los hechos violentos y la desestabilidad en su municipio. <\/p>\n","protected":false},"excerpt":{"rendered":"<p>Yuridiana Sosa\/Zona Roja.&nbsp; Oaxaca de Ju\u00e1rez, Oax., 9 de diciembre de 2021.- Las amenazas de&hellip;<\/p>\n","protected":false},"author":2,"featured_media":35208,"comment_status":"closed","ping_status":"open","sticky":false,"template":"","format":"standard","meta":{"_lmt_disableupdate":"","_lmt_disable":"","_jetpack_memberships_contains_paid_content":false,"footnotes":""},"categories":[109,47],"tags":[1025],"class_list":["post-35209","post","type-post","status-publish","format-standard","has-post-thumbnail","hentry","category-minuto-a-minuto","category-zona-gris","tag-san-esteban-atatlahuca"],"jetpack_featured_media_url":"https:\/\/zonaroja.com.mx\/wp-content\/uploads\/2021\/12\/f79637b6-db2e-4836-844e-d24ec194e2a3.jpg","jetpack_sharing_enabled":true,"_links":{"self":[{"href":"https:\/\/zonaroja.com.mx\/index.php?rest_route=\/wp\/v2\/posts\/35209","targetHints":{"allow":["GET"]}}],"collection":[{"href":"https:\/\/zonaroja.com.mx\/index.php?rest_route=\/wp\/v2\/posts"}],"about":[{"href":"https:\/\/zonaroja.com.mx\/index.php?rest_route=\/wp\/v2\/types\/post"}],"author":[{"embeddable":true,"href":"https:\/\/zonaroja.com.mx\/index.php?rest_route=\/wp\/v2\/users\/2"}],"replies":[{"embeddable":true,"href":"https:\/\/zonaroja.com.mx\/index.php?rest_route=%2Fwp%2Fv2%2Fcomments&post=35209"}],"version-history":[{"count":1,"href":"https:\/\/zonaroja.com.mx\/index.php?rest_route=\/wp\/v2\/posts\/35209\/revisions"}],"predecessor-version":[{"id":35210,"href":"https:\/\/zonaroja.com.mx\/index.php?rest_route=\/wp\/v2\/posts\/35209\/revisions\/35210"}],"wp:featuredmedia":[{"embeddable":true,"href":"https:\/\/zonaroja.com.mx\/index.php?rest_route=\/wp\/v2\/media\/35208"}],"wp:attachment":[{"href":"https:\/\/zonaroja.com.mx\/index.php?rest_route=%2Fwp%2Fv2%2Fmedia&parent=35209"}],"wp:term":[{"taxonomy":"category","embeddable":true,"href":"https:\/\/zonaroja.com.mx\/index.php?rest_route=%2Fwp%2Fv2%2Fcategories&post=35209"},{"taxonomy":"post_tag","embeddable":true,"href":"https:\/\/zonaroja.com.mx\/index.php?rest_route=%2Fwp%2Fv2%2Ftags&post=35209"}],"curies":[{"name":"wp","href":"https:\/\/api.w.org\/{rel}","templated":true}]}}