{"id":35216,"date":"2021-12-09T21:56:31","date_gmt":"2021-12-10T03:56:31","guid":{"rendered":"http:\/\/www.zonaroja.com.mx\/?p=35216"},"modified":"2021-12-09T21:56:36","modified_gmt":"2021-12-10T03:56:36","slug":"defensora-del-bosque-no-esta-desaparecida-no-quiere-volver-edil-de-atatlahuca-2","status":"publish","type":"post","link":"https:\/\/zonaroja.com.mx\/?p=35216","title":{"rendered":"Defensora del bosque no est\u00e1 desaparecida; no quiere volver: edil de Atatlahuca"},"content":{"rendered":"\n<p>Yuridiana Sosa\/Zona Roja.<\/p>\n\n\n\n<p>Oaxaca de Ju\u00e1rez, Oax., 9 de diciembre de 2021.- A m\u00e1s de un mes que se report\u00f3 la desaparici\u00f3n de la activista mixteca y defensora Irma Galindo Barrios, el edil de San Esteban Atatlahuca, Rogelio Bautista Barrios, asegur\u00f3 que la vecina de la comunidad no est\u00e1 desaparecida, sino que \u201cse hace la desaparecida\u201d.<\/p>\n\n\n\n<p>La defensora del territorio y guardabosques en ese municipio de la regi\u00f3n Mixteca fue vista por \u00faltima vez a finales de octubre en la estaci\u00f3n del metro \u201cBarranca del Muerto\u201d en Ciudad de M\u00e9xico.<\/p>\n\n\n\n<p>Desde ese entonces organismo de derechos humanos, activistas y el Congreso de Oaxaca han demandado su b\u00fasqueda y localizaci\u00f3n inmediata.<\/p>\n\n\n\n<p>Sin embargo, en conferencia de prensa este jueves, el edil de Atatlahuca asever\u00f3 que tienen informaci\u00f3n que Galindo Barrios se reuni\u00f3 recientemente con la Secretar\u00eda de Gobernaci\u00f3n y mencion\u00f3 que no quiere regresar a la comunidad.<\/p>\n\n\n\n<figure class=\"wp-block-embed is-type-rich is-provider-twitter wp-block-embed-twitter\"><div class=\"wp-block-embed__wrapper\">\n<div class=\"twitter-tweet\"><blockquote class=\"twitter-tweet\" data-lang=\"es\"><p lang=\"es\" dir=\"ltr\"><a href=\"https:\/\/twitter.com\/hashtag\/%C3%9AltimoMinuto?src=hash&amp;ref_src=twsrc%5Etfw\">#\u00daltimoMinuto<\/a> <br>La activista \u201cIrma Galindo no est\u00e1 desaparecida; se hace la desaparecida, lo ha hecho varias veces\u201d, afirma el presidente municipal de San Esteban <a href=\"https:\/\/twitter.com\/hashtag\/Atatlahuca?src=hash&amp;ref_src=twsrc%5Etfw\">#Atatlahuca<\/a>, <a href=\"https:\/\/twitter.com\/hashtag\/Oaxaca?src=hash&amp;ref_src=twsrc%5Etfw\">#Oaxaca<\/a>, Rogelio Bautista. Escuche.<a href=\"https:\/\/twitter.com\/julioastillero?ref_src=twsrc%5Etfw\">@julioastillero<\/a> <a href=\"https:\/\/twitter.com\/AristeguiOnline?ref_src=twsrc%5Etfw\">@AristeguiOnline<\/a> <a href=\"https:\/\/twitter.com\/Reforma?ref_src=twsrc%5Etfw\">@Reforma<\/a> <a href=\"https:\/\/twitter.com\/El_Universal_Mx?ref_src=twsrc%5Etfw\">@El_Universal_Mx<\/a> <a href=\"https:\/\/t.co\/iQ6lzbZc0q\">pic.twitter.com\/iQ6lzbZc0q<\/a><\/p>&mdash; Zona Roja Oaxaca (@Zona_Roja_Oax) <a href=\"https:\/\/twitter.com\/Zona_Roja_Oax\/status\/1469008727697084416?ref_src=twsrc%5Etfw\">9 de diciembre de 2021<\/a><\/blockquote><\/div>\n<\/div><\/figure>\n\n\n\n<p>\u201cNo es la primera vez que se hace la desaparecida\u201d, asegur\u00f3 la autoridad municipal, quien adem\u00e1s desacredit\u00f3 la defensa que Irma Galindo emprende a favor del territorio.<\/p>\n\n\n\n<p>El edil detall\u00f3 que el pasado 25 de agosto del 2019, cuando las autoridades fueron electas en asamblea por Sistemas Normativos Internos, Irma junto a otras personas talaron \u00e1rboles para delimitar el terreno con la comunidad de Mier y Ter\u00e1n, y despu\u00e9s publicaron fotos de la deforestaci\u00f3n se\u00f1alando que se trataba de un acto de saqueo.<\/p>\n\n\n\n<p>Bautista Barrios desconoce con exactitud la localizaci\u00f3n de la mujer y los motivos precisos por los que Irma Galindo se ha hecho pasar por desaparecida en tres ocasiones, una en 2019, otra en 2020 y la m\u00e1s reciente este a\u00f1o. \u201cBusca protagonismo, imagen\u201d, especul\u00f3.<\/p>\n\n\n\n<p>Por su parte, el Grupo de Estudios sobre la Mujer \u201cRosario Castellanos\u201d (Ges Mujer) manifest\u00f3 su preocupaci\u00f3n por la desaparici\u00f3n de una mujer y por la cual no deben desvirtuarse el hecho que no est\u00e1 localizada, por lo que refrend\u00f3 su demanda para que las autoridades implementen todos los mecanismos de b\u00fasqueda y localizaci\u00f3n.<\/p>\n","protected":false},"excerpt":{"rendered":"<p>Yuridiana Sosa\/Zona Roja. Oaxaca de Ju\u00e1rez, Oax., 9 de diciembre de 2021.- A m\u00e1s de&hellip;<\/p>\n","protected":false},"author":2,"featured_media":34166,"comment_status":"closed","ping_status":"open","sticky":false,"template":"","format":"standard","meta":{"_lmt_disableupdate":"","_lmt_disable":"","_jetpack_memberships_contains_paid_content":false,"footnotes":""},"categories":[109,47],"tags":[2948],"class_list":["post-35216","post","type-post","status-publish","format-standard","has-post-thumbnail","hentry","category-minuto-a-minuto","category-zona-gris","tag-irma-galindo-barrios"],"jetpack_featured_media_url":"https:\/\/zonaroja.com.mx\/wp-content\/uploads\/2021\/11\/Irma-Galindo-Barrios.jpg","jetpack_sharing_enabled":true,"_links":{"self":[{"href":"https:\/\/zonaroja.com.mx\/index.php?rest_route=\/wp\/v2\/posts\/35216","targetHints":{"allow":["GET"]}}],"collection":[{"href":"https:\/\/zonaroja.com.mx\/index.php?rest_route=\/wp\/v2\/posts"}],"about":[{"href":"https:\/\/zonaroja.com.mx\/index.php?rest_route=\/wp\/v2\/types\/post"}],"author":[{"embeddable":true,"href":"https:\/\/zonaroja.com.mx\/index.php?rest_route=\/wp\/v2\/users\/2"}],"replies":[{"embeddable":true,"href":"https:\/\/zonaroja.com.mx\/index.php?rest_route=%2Fwp%2Fv2%2Fcomments&post=35216"}],"version-history":[{"count":1,"href":"https:\/\/zonaroja.com.mx\/index.php?rest_route=\/wp\/v2\/posts\/35216\/revisions"}],"predecessor-version":[{"id":35217,"href":"https:\/\/zonaroja.com.mx\/index.php?rest_route=\/wp\/v2\/posts\/35216\/revisions\/35217"}],"wp:featuredmedia":[{"embeddable":true,"href":"https:\/\/zonaroja.com.mx\/index.php?rest_route=\/wp\/v2\/media\/34166"}],"wp:attachment":[{"href":"https:\/\/zonaroja.com.mx\/index.php?rest_route=%2Fwp%2Fv2%2Fmedia&parent=35216"}],"wp:term":[{"taxonomy":"category","embeddable":true,"href":"https:\/\/zonaroja.com.mx\/index.php?rest_route=%2Fwp%2Fv2%2Fcategories&post=35216"},{"taxonomy":"post_tag","embeddable":true,"href":"https:\/\/zonaroja.com.mx\/index.php?rest_route=%2Fwp%2Fv2%2Ftags&post=35216"}],"curies":[{"name":"wp","href":"https:\/\/api.w.org\/{rel}","templated":true}]}}