{"id":35218,"date":"2021-12-09T22:01:25","date_gmt":"2021-12-10T04:01:25","guid":{"rendered":"http:\/\/www.zonaroja.com.mx\/?p=35218"},"modified":"2021-12-09T22:01:28","modified_gmt":"2021-12-10T04:01:28","slug":"en-oaxaca-aun-no-se-concreta-coalicion-morena-pvem-dirigente-estatal","status":"publish","type":"post","link":"https:\/\/zonaroja.com.mx\/?p=35218","title":{"rendered":"En Oaxaca a\u00fan no se concreta coalici\u00f3n Morena-PVEM: dirigente estatal"},"content":{"rendered":"\n<p>Yuridiana Sosa\/Zona Roja.<\/p>\n\n\n\n<p>Oaxaca de Ju\u00e1rez, Oax., 9 de diciembre de 2021.-La coalici\u00f3n de Morena con el Partido Verde Ecologista de M\u00e9xico en Oaxaca todav\u00eda no es un hecho, pese a que a nivel nacional hay acuerdo, asegur\u00f3 el presidente estatal de Morena, Ses\u00fal Bola\u00f1os L\u00f3pez.<\/p>\n\n\n\n<p>El dirigente en Oaxaca asever\u00f3 que esta alianza entre ambos partidos, adem\u00e1s de la participaci\u00f3n del Partido del Trabajo, s\u00f3lo es una negociaci\u00f3n a nivel nacional, pues hasta el Comit\u00e9 Estatal no se ha entregado la intenci\u00f3n de coalici\u00f3n y por tanto no se ha firmado.<\/p>\n\n\n\n<p>Aunque reconoci\u00f3 los acuerdos nacionales para la participaci\u00f3n en conjuntos entre Morena y Partido Verde, Bola\u00f1os L\u00f3pez recalc\u00f3 su desacuerdo con esta alianza a nivel estatal.<\/p>\n\n\n\n<figure class=\"wp-block-embed is-type-rich is-provider-twitter wp-block-embed-twitter\"><div class=\"wp-block-embed__wrapper\">\n<div class=\"twitter-tweet\"><blockquote class=\"twitter-tweet\" data-lang=\"es\"><p lang=\"es\" dir=\"ltr\">\u201cNo han querido darle tr\u00e1mite, ya se ha bajado en dos ocasiones del orden del d\u00eda\u2026Por el tema pol\u00edtico que se est\u00e1 viviendo, hay intereses detr\u00e1s de mi decisi\u00f3n\u201d, dijo el diputado <a href=\"https:\/\/twitter.com\/SesulBolanos?ref_src=twsrc%5Etfw\">@SesulBolanos<\/a> respecto a su licencia al Congreso. Reiter\u00f3 que Oaxaca a\u00fan no hay coalici\u00f3n con PVEM. <a href=\"https:\/\/t.co\/tCLHRKQBwa\">pic.twitter.com\/tCLHRKQBwa<\/a><\/p>&mdash; Zona Roja Oaxaca (@Zona_Roja_Oax) <a href=\"https:\/\/twitter.com\/Zona_Roja_Oax\/status\/1468944870773506055?ref_src=twsrc%5Etfw\">9 de diciembre de 2021<\/a><\/blockquote><\/div>\n<\/div><\/figure>\n\n\n\n<p>CONFLICTO INTERNO<\/p>\n\n\n\n<p>Por otra parte, Ses\u00fal Bola\u00f1os, como diputado en la 65 Legislatura en el Congreso de Oaxaca, enfrenta un bloqueo por parte de la Junta de Coordinaci\u00f3n Pol\u00edtica (Jucopo) para que le aprueben su solicitud de licencia para dejar su cargo y cumplir s\u00f3lo con su funci\u00f3n de dirigente de Morena.<\/p>\n\n\n\n<p>El diputado indic\u00f3 que una vez que concluyan las actividades prioritarias del inicio de esta nueva Legislatura insistir\u00e1 para que su solicitud sea votada ante el pleno, pues ha sido baja en dos ocasiones de la orden del d\u00eda.<\/p>\n\n\n\n<p>De no entrar en la pr\u00f3xima ocasi\u00f3n su solicitud interpondr\u00e1 un recurso para protecci\u00f3n de sus derechos, pues los legisladores tienen derecho a solicitar una licencia, indic\u00f3.<\/p>\n\n\n\n<p>La presidenta de la Jucopo es Laura Estrada Mauro, quien apoya el proyecto del senador Salom\u00f3n Jara para ganar la candidatura de&nbsp; Morena, con quien no mantiene una buena relaci\u00f3n Ses\u00fal Bola\u00f1os.<\/p>\n","protected":false},"excerpt":{"rendered":"<p>Yuridiana Sosa\/Zona Roja. Oaxaca de Ju\u00e1rez, Oax., 9 de diciembre de 2021.-La coalici\u00f3n de Morena&hellip;<\/p>\n","protected":false},"author":2,"featured_media":35219,"comment_status":"closed","ping_status":"open","sticky":false,"template":"","format":"standard","meta":{"_lmt_disableupdate":"","_lmt_disable":"","_jetpack_memberships_contains_paid_content":false,"footnotes":""},"categories":[109,47],"tags":[1841],"class_list":["post-35218","post","type-post","status-publish","format-standard","has-post-thumbnail","hentry","category-minuto-a-minuto","category-zona-gris","tag-sesul-bolanos-lopez"],"jetpack_featured_media_url":"https:\/\/zonaroja.com.mx\/wp-content\/uploads\/2021\/12\/Sesul-Bolanos-Lopez.jpg","jetpack_sharing_enabled":true,"_links":{"self":[{"href":"https:\/\/zonaroja.com.mx\/index.php?rest_route=\/wp\/v2\/posts\/35218","targetHints":{"allow":["GET"]}}],"collection":[{"href":"https:\/\/zonaroja.com.mx\/index.php?rest_route=\/wp\/v2\/posts"}],"about":[{"href":"https:\/\/zonaroja.com.mx\/index.php?rest_route=\/wp\/v2\/types\/post"}],"author":[{"embeddable":true,"href":"https:\/\/zonaroja.com.mx\/index.php?rest_route=\/wp\/v2\/users\/2"}],"replies":[{"embeddable":true,"href":"https:\/\/zonaroja.com.mx\/index.php?rest_route=%2Fwp%2Fv2%2Fcomments&post=35218"}],"version-history":[{"count":1,"href":"https:\/\/zonaroja.com.mx\/index.php?rest_route=\/wp\/v2\/posts\/35218\/revisions"}],"predecessor-version":[{"id":35220,"href":"https:\/\/zonaroja.com.mx\/index.php?rest_route=\/wp\/v2\/posts\/35218\/revisions\/35220"}],"wp:featuredmedia":[{"embeddable":true,"href":"https:\/\/zonaroja.com.mx\/index.php?rest_route=\/wp\/v2\/media\/35219"}],"wp:attachment":[{"href":"https:\/\/zonaroja.com.mx\/index.php?rest_route=%2Fwp%2Fv2%2Fmedia&parent=35218"}],"wp:term":[{"taxonomy":"category","embeddable":true,"href":"https:\/\/zonaroja.com.mx\/index.php?rest_route=%2Fwp%2Fv2%2Fcategories&post=35218"},{"taxonomy":"post_tag","embeddable":true,"href":"https:\/\/zonaroja.com.mx\/index.php?rest_route=%2Fwp%2Fv2%2Ftags&post=35218"}],"curies":[{"name":"wp","href":"https:\/\/api.w.org\/{rel}","templated":true}]}}