{"id":35226,"date":"2021-12-10T07:13:37","date_gmt":"2021-12-10T13:13:37","guid":{"rendered":"http:\/\/www.zonaroja.com.mx\/?p=35226"},"modified":"2021-12-10T07:13:41","modified_gmt":"2021-12-10T13:13:41","slug":"a-54-asciende-el-numero-de-migrantes-muertos-tras-accidente-en-chiapas","status":"publish","type":"post","link":"https:\/\/zonaroja.com.mx\/?p=35226","title":{"rendered":"A 54 asciende el n\u00famero de migrantes muertos tras accidente en Chiapas"},"content":{"rendered":"\n<p>Redacci\u00f3n\/Zona Roja Cdmx.<\/p>\n\n\n\n<p>Ciudad de M\u00e9xico, 10 de diciembre de 2021.- Al menos 54 personas migrantes centroamericanos fallecieron y 54 m\u00e1s resultaron lesionadas al volcar el tr\u00e1iler en que viajaban en la carretera que conduce de Tuxtla Guti\u00e9rrez a Chiapa de Corzo, Chiapas.<\/p>\n\n\n\n<p>El accidente ocurri\u00f3 a ayer las 15:35 horas, en el kil\u00f3metro seis de la carretera, cuando la caja en que viajaban al menos 107 extranjeros de manera clandestina cay\u00f3 de costado. El percance se produjo en el Puente Belisario Dom\u00ednguez y Ribera Cahuar\u00e9 en Chiapa de Corzo.<\/p>\n\n\n\n<p>El presidente Andr\u00e9s Manuel L\u00f3pez Obrador lament\u00f3 el accidente y expres\u00f3 su p\u00e9same a las familias de los fallecidos.<\/p>\n\n\n\n<p>\u201cLamento profundamente la tragedia ocasionada por la volcadura de un tr\u00e1iler en Chiapas que transportaba migrantes centroamericanos. Es muy doloroso. Abrazo a los familiares de las v\u00edctimas\u00bb, se\u00f1al\u00f3 en Twitter el jefe del Ejecutivo.<\/p>\n\n\n\n<p>Tambi\u00e9n el canciller Marcelo Ebrard lament\u00f3 el fallecimiento de los centroamericanos y dijo que hizo contacto con las canciller\u00edas de los pa\u00edses afectados.<\/p>\n\n\n\n<p>El Instituto Nacional de Migraci\u00f3n indic\u00f3 que se coordinar\u00e1 con autoridades nacionales, estatales y municipales para brindar asistencia consular, identificar los cuerpos, cubrir los gastos funerarios y facilitar la repatriaci\u00f3n de los restos a los pa\u00edses de origen.<\/p>\n\n\n\n<figure class=\"wp-block-embed is-type-rich is-provider-twitter wp-block-embed-twitter\"><div class=\"wp-block-embed__wrapper\">\n<div class=\"twitter-tweet\"><blockquote class=\"twitter-tweet\" data-lang=\"es\"><p lang=\"es\" dir=\"ltr\"><a href=\"https:\/\/twitter.com\/hashtag\/%C3%9AltimoMinuto?src=hash&amp;ref_src=twsrc%5Etfw\">#\u00daltimoMinuto<\/a> <br>El accidente de un tr\u00e1iler, al parecer con migrantes, deja decenas de personas fallecidas, a la entrada de Chiapa de Corzo, estado de <a href=\"https:\/\/twitter.com\/hashtag\/Chiapas?src=hash&amp;ref_src=twsrc%5Etfw\">#Chiapas<\/a>. <br>M\u00e1s informaci\u00f3n en un momento. <a href=\"https:\/\/t.co\/uIIPIqPQu0\">pic.twitter.com\/uIIPIqPQu0<\/a><\/p>&mdash; Zona Roja Oaxaca (@Zona_Roja_Oax) <a href=\"https:\/\/twitter.com\/Zona_Roja_Oax\/status\/1469086958186020872?ref_src=twsrc%5Etfw\">9 de diciembre de 2021<\/a><\/blockquote><\/div>\n<\/div><\/figure>\n\n\n\n<p>Adem\u00e1s, indic\u00f3 que, en caso de que los sobrevivientes acepten, se les otorgar\u00e1n tarjetas de Visitante por Razones Humanitarias. Informes preliminares indican que la mayor\u00eda de los viajeros son guatemaltecos. El gobierno de Guatemala ofreci\u00f3, por su parte, repatriar a los migrantes de ese pa\u00eds que fallecieron en el accidente.<\/p>\n\n\n\n<p>Por instrucci\u00f3n presidencial, la coordinadora nacional de Protecci\u00f3n Civil, Laura Vel\u00e1zquez, se traslad\u00f3 a Chiapas. La Fiscal\u00eda General de la Rep\u00fablica inform\u00f3 anoche que atrajo el caso del accidente. La dependencia a\u00f1adi\u00f3, en un comunicado, que como el percance de los migrantes sucedi\u00f3 en una v\u00eda de comunicaci\u00f3n federal, la Fiscal\u00eda Especializada en materia de Derechos Humanos actuar\u00e1 junto con la Fiscal\u00eda Especializada de Control Regional.<\/p>\n\n\n\n<p>Precis\u00f3 que dispondr\u00e1 \u201ctodo el personal t\u00e9cnico y de apoyo que sea necesario, para llevar a cabo las diligencias correspondientes\u201d.<\/p>\n\n\n\n<p>El accidente provoc\u00f3 una fuerte movilizaci\u00f3n policiaca y de servicios de emergencia. Las ambulancias trasladaron a los heridos a hospitales diversos puntos de la regi\u00f3n del ISSSTE, IMSS, ISSTECH y Salud en Chiapas. Asimismo, activaron la Direcci\u00f3n de Rescate A\u00e9reo de la Secretar\u00eda de Protecci\u00f3n Civil.<\/p>\n\n\n\n<p>Testigos presenciales del accidente se\u00f1alaron a \u201cEl Heraldo de M\u00e9xico\u201d que el tr\u00e1iler era conducido a exceso de velocidad a pocos kil\u00f3metros de la salida de la capital chiapaneca, por lo que al perder el control el chofer se impact\u00f3 y termin\u00f3 volcado.<\/p>\n\n\n\n<p>La zona fue acordonada y provoc\u00f3 tr\u00e1nsito lento por varias horas, ya que las maniobras de rescate y atenci\u00f3n a heridos se prolongaron durante largo tiempo. Este accidente vehicular desvela otra vez las condiciones en que miles de migrantes transitan por territorio mexicano, desesperados por hallar una nueva oportunidad de vida en el centro y norte del pa\u00eds.<\/p>\n\n\n\n<p>(Informaci\u00f3n de \u201cEl Heraldo de M\u00e9xico\u201d)<\/p>\n\n\n\n<figure class=\"wp-block-embed\"><div class=\"wp-block-embed__wrapper\">\nhttps:\/\/heraldodemexico.com.mx\/nacional\/2021\/12\/10\/tragedia-en-chiapas-mueren-54-migrantes-al-volcar-un-trailer-361311.html\n<\/div><\/figure>\n","protected":false},"excerpt":{"rendered":"<p>Redacci\u00f3n\/Zona Roja Cdmx. Ciudad de M\u00e9xico, 10 de diciembre de 2021.- Al menos 54 personas&hellip;<\/p>\n","protected":false},"author":2,"featured_media":35227,"comment_status":"closed","ping_status":"open","sticky":false,"template":"","format":"standard","meta":{"_lmt_disableupdate":"","_lmt_disable":"","_jetpack_memberships_contains_paid_content":false,"footnotes":""},"categories":[109,51],"tags":[2968],"class_list":["post-35226","post","type-post","status-publish","format-standard","has-post-thumbnail","hentry","category-minuto-a-minuto","category-zona-roja","tag-chiapa-de-corzo-chiapas"],"jetpack_featured_media_url":"https:\/\/zonaroja.com.mx\/wp-content\/uploads\/2021\/12\/Muertos-migrantes-Chiapas.jpg","jetpack_sharing_enabled":true,"_links":{"self":[{"href":"https:\/\/zonaroja.com.mx\/index.php?rest_route=\/wp\/v2\/posts\/35226","targetHints":{"allow":["GET"]}}],"collection":[{"href":"https:\/\/zonaroja.com.mx\/index.php?rest_route=\/wp\/v2\/posts"}],"about":[{"href":"https:\/\/zonaroja.com.mx\/index.php?rest_route=\/wp\/v2\/types\/post"}],"author":[{"embeddable":true,"href":"https:\/\/zonaroja.com.mx\/index.php?rest_route=\/wp\/v2\/users\/2"}],"replies":[{"embeddable":true,"href":"https:\/\/zonaroja.com.mx\/index.php?rest_route=%2Fwp%2Fv2%2Fcomments&post=35226"}],"version-history":[{"count":1,"href":"https:\/\/zonaroja.com.mx\/index.php?rest_route=\/wp\/v2\/posts\/35226\/revisions"}],"predecessor-version":[{"id":35228,"href":"https:\/\/zonaroja.com.mx\/index.php?rest_route=\/wp\/v2\/posts\/35226\/revisions\/35228"}],"wp:featuredmedia":[{"embeddable":true,"href":"https:\/\/zonaroja.com.mx\/index.php?rest_route=\/wp\/v2\/media\/35227"}],"wp:attachment":[{"href":"https:\/\/zonaroja.com.mx\/index.php?rest_route=%2Fwp%2Fv2%2Fmedia&parent=35226"}],"wp:term":[{"taxonomy":"category","embeddable":true,"href":"https:\/\/zonaroja.com.mx\/index.php?rest_route=%2Fwp%2Fv2%2Fcategories&post=35226"},{"taxonomy":"post_tag","embeddable":true,"href":"https:\/\/zonaroja.com.mx\/index.php?rest_route=%2Fwp%2Fv2%2Ftags&post=35226"}],"curies":[{"name":"wp","href":"https:\/\/api.w.org\/{rel}","templated":true}]}}