{"id":35242,"date":"2021-12-10T20:26:33","date_gmt":"2021-12-11T02:26:33","guid":{"rendered":"http:\/\/www.zonaroja.com.mx\/?p=35242"},"modified":"2021-12-10T20:26:37","modified_gmt":"2021-12-11T02:26:37","slug":"firman-prtidos-decalogo-por-un-proceso-electoral-pacifico-menos-pvem-y-pan","status":"publish","type":"post","link":"https:\/\/zonaroja.com.mx\/?p=35242","title":{"rendered":"Firman prtidos \u201cDec\u00e1logo por un Proceso Electoral Pac\u00edfico\u201d, menos PVEM y PAN"},"content":{"rendered":"\n<p>Yuridiana Sosa\/Zona Roja.<\/p>\n\n\n\n<p>Oaxaca de Ju\u00e1rez, Oax., 10 de diciembre de 2021.- Autoridades electorales, la Defensor\u00eda de los Derechos Humanos del Pueblo de Oaxaca (DDHPO) y partidos pol\u00edticos, a excepci\u00f3n del PVEM y PAN, firmaron \u201cDec\u00e1logo por un proceso electoral pac\u00edfico\u201d, con motivo de las elecciones a la renovaci\u00f3n de la gubernatura de Oaxaca.<\/p>\n\n\n\n<p>La iniciativa fue propuesta por la Defensor\u00eda, a fin de contar con un proceso electoral pac\u00edfico, frente al antecedente violento del proceso 2020-21 en M\u00e9xico, y en el que Oaxaca tambi\u00e9n registr\u00f3 actos contra los derechos de electores y actores pol\u00edticos.<\/p>\n\n\n\n<p>De acuerdo con datos de la Comisi\u00f3n Interamericana de Derechos Humanos, al inicio del proceso preelectoral &#8211;en septiembre de 2020 y al 26 de mayo de 2021&#8211;, se registr\u00f3 la muerte de al menos 88 actores pol\u00edticos a consecuencia de la violencia, de los cuales 34 eran personas precandidatas y candidatas.<\/p>\n\n\n\n<p>El ombudsman, Bernardo Rodr\u00edguez Alamilla, se\u00f1al\u00f3 que este documento, firmado de forma voluntaria, es para la construcci\u00f3n de un proceso que proteja la dignidad de las personas en el ejercicio libre de sus derechos pol\u00edticos electorales.<\/p>\n\n\n\n<figure class=\"wp-block-embed is-type-rich is-provider-twitter wp-block-embed-twitter\"><div class=\"wp-block-embed__wrapper\">\n<div class=\"twitter-tweet\"><blockquote class=\"twitter-tweet\" data-lang=\"es\"><p lang=\"es\" dir=\"ltr\"><a href=\"https:\/\/twitter.com\/hashtag\/ENVIVO?src=hash&amp;ref_src=twsrc%5Etfw\">#ENVIVO<\/a><br>Oaxaca de Ju\u00e1rez, Oax., 10 de diciembre de 2021. Firma del Dec\u00e1logo por un Proceso Electoral Pacifico 2021-2022, a convocatoria de la <a href=\"https:\/\/twitter.com\/DDHPO?ref_src=twsrc%5Etfw\">@DDHPO<\/a>. <br><br>Siga aqu\u00ed la transmisi\u00f3n:<br>\ud83d\udc47<a href=\"https:\/\/t.co\/20k1r2dUDJ\">https:\/\/t.co\/20k1r2dUDJ<\/a> <a href=\"https:\/\/t.co\/oSNBlKWuR9\">pic.twitter.com\/oSNBlKWuR9<\/a><\/p>&mdash; Zona Roja Oaxaca (@Zona_Roja_Oax) <a href=\"https:\/\/twitter.com\/Zona_Roja_Oax\/status\/1469368216128573440?ref_src=twsrc%5Etfw\">10 de diciembre de 2021<\/a><\/blockquote><\/div>\n<\/div><\/figure>\n\n\n\n<p>Lo que incluye la participaci\u00f3n de las mujeres de forma libre de violencia; derecho de la sociedad a la informaci\u00f3n; campa\u00f1as libres de denostaciones, discriminaci\u00f3n y ataques a la dignidad de las personas participantes; campa\u00f1as propositivas y el manejo transparente y responsable de los recursos p\u00fablicos.<\/p>\n\n\n\n<p>En conmemoraci\u00f3n del D\u00eda Internacional de los Derechos Humanos, Rodr\u00edguez Alamilla llam\u00f3 a las instituciones, partidos pol\u00edticos, candidatos y candidatas y personas en general.<\/p>\n\n\n\n<p>\u201cNos comprometamos a respetar, proteger y garantizar los derechos a la vida, a la integridad personal y a la seguridad de las personas participantes en esta elecci\u00f3n con miras a asegurar que los derechos a elegir y ser elegido puedan ser ejercidos libres de violencia\u201d, dijo.<\/p>\n\n\n\n<p>El documento fue firmado por el Vocal Ejecutivo del Instituto Nacional Electoral en Oaxaca, Edgar Arias Alba; la presidenta del Tribunal Electoral del Estado de Oaxaca (TEEO), Elizabeth Bautista Velasco y Luis Miguel Santib\u00e1\u00f1ez Su\u00e1rez, Secretario Ejecutivo del Instituto Estatal Electoral y de Participaci\u00f3n Ciudadana de Oaxaca (IEEPCO).<\/p>\n\n\n\n<p>Los representantes electorales celebraron este acto que fortalece una democracia sin violencia, as\u00ed como la responsabilidad de los partidos pol\u00edticos e instituciones para hacer valer las leyes.<\/p>\n\n\n\n<figure class=\"wp-block-embed is-type-rich is-provider-twitter wp-block-embed-twitter\"><div class=\"wp-block-embed__wrapper\">\n<div class=\"twitter-tweet\"><blockquote class=\"twitter-tweet\" data-lang=\"es\"><p lang=\"es\" dir=\"ltr\">As\u00ed fue hoy la firma del \u201cDec\u00e1logo por un proceso electoral pac\u00edfico 2021-2022\u201d, a iniciativa de la <a href=\"https:\/\/twitter.com\/DDHPO?ref_src=twsrc%5Etfw\">@DDHPO<\/a> y firmado por representantes del <a href=\"https:\/\/twitter.com\/INE_Oaxaca?ref_src=twsrc%5Etfw\">@INE_Oaxaca<\/a>, <a href=\"https:\/\/twitter.com\/IEEPCO?ref_src=twsrc%5Etfw\">@IEEPCO<\/a> y <a href=\"https:\/\/twitter.com\/TEEOax?ref_src=twsrc%5Etfw\">@TEEOax<\/a>;adem\u00e1s, dirigentes de partido pol\u00edticos, excepto el <a href=\"https:\/\/twitter.com\/PANOaxaca?ref_src=twsrc%5Etfw\">@PANOaxaca<\/a> y el <a href=\"https:\/\/twitter.com\/partidoverde_oa?ref_src=twsrc%5Etfw\">@partidoverde_oa<\/a>, que desde\u00f1aron acuerdo. <a href=\"https:\/\/t.co\/RDq1UMszqT\">pic.twitter.com\/RDq1UMszqT<\/a><\/p>&mdash; Zona Roja Oaxaca (@Zona_Roja_Oax) <a href=\"https:\/\/twitter.com\/Zona_Roja_Oax\/status\/1469479543991721984?ref_src=twsrc%5Etfw\">11 de diciembre de 2021<\/a><\/blockquote><\/div>\n<\/div><\/figure>\n","protected":false},"excerpt":{"rendered":"<p>Yuridiana Sosa\/Zona Roja. Oaxaca de Ju\u00e1rez, Oax., 10 de diciembre de 2021.- Autoridades electorales, la&hellip;<\/p>\n","protected":false},"author":2,"featured_media":35243,"comment_status":"closed","ping_status":"open","sticky":false,"template":"","format":"standard","meta":{"_lmt_disableupdate":"","_lmt_disable":"","_jetpack_memberships_contains_paid_content":false,"footnotes":""},"categories":[109,46],"tags":[287],"class_list":["post-35242","post","type-post","status-publish","format-standard","has-post-thumbnail","hentry","category-minuto-a-minuto","category-zona-blanca","tag-ddhpo"],"jetpack_featured_media_url":"https:\/\/zonaroja.com.mx\/wp-content\/uploads\/2021\/12\/Firma-acuerdo-DDHPO-elecciones.jpg","jetpack_sharing_enabled":true,"_links":{"self":[{"href":"https:\/\/zonaroja.com.mx\/index.php?rest_route=\/wp\/v2\/posts\/35242","targetHints":{"allow":["GET"]}}],"collection":[{"href":"https:\/\/zonaroja.com.mx\/index.php?rest_route=\/wp\/v2\/posts"}],"about":[{"href":"https:\/\/zonaroja.com.mx\/index.php?rest_route=\/wp\/v2\/types\/post"}],"author":[{"embeddable":true,"href":"https:\/\/zonaroja.com.mx\/index.php?rest_route=\/wp\/v2\/users\/2"}],"replies":[{"embeddable":true,"href":"https:\/\/zonaroja.com.mx\/index.php?rest_route=%2Fwp%2Fv2%2Fcomments&post=35242"}],"version-history":[{"count":1,"href":"https:\/\/zonaroja.com.mx\/index.php?rest_route=\/wp\/v2\/posts\/35242\/revisions"}],"predecessor-version":[{"id":35244,"href":"https:\/\/zonaroja.com.mx\/index.php?rest_route=\/wp\/v2\/posts\/35242\/revisions\/35244"}],"wp:featuredmedia":[{"embeddable":true,"href":"https:\/\/zonaroja.com.mx\/index.php?rest_route=\/wp\/v2\/media\/35243"}],"wp:attachment":[{"href":"https:\/\/zonaroja.com.mx\/index.php?rest_route=%2Fwp%2Fv2%2Fmedia&parent=35242"}],"wp:term":[{"taxonomy":"category","embeddable":true,"href":"https:\/\/zonaroja.com.mx\/index.php?rest_route=%2Fwp%2Fv2%2Fcategories&post=35242"},{"taxonomy":"post_tag","embeddable":true,"href":"https:\/\/zonaroja.com.mx\/index.php?rest_route=%2Fwp%2Fv2%2Ftags&post=35242"}],"curies":[{"name":"wp","href":"https:\/\/api.w.org\/{rel}","templated":true}]}}